{"id":1372,"date":"2026-05-01T22:17:16","date_gmt":"2026-05-01T20:17:16","guid":{"rendered":"https:\/\/www.academia-mentoris.com\/?p=1372"},"modified":"2026-05-01T22:17:20","modified_gmt":"2026-05-01T20:17:20","slug":"il-est-descendu-aux-enfers-portee-theologique-dune-confession-du-credo","status":"publish","type":"post","link":"https:\/\/www.academia-mentoris.com\/?p=1372","title":{"rendered":"\u00ab Il est descendu aux enfers \u00bb : port\u00e9e th\u00e9ologique d\u2019une confession du credo"},"content":{"rendered":"\n<p class=\"has-palette-color-4-color has-text-color has-link-color wp-elements-c2de5778e221b20fbc27e3e8b0ae2b56\">Chaque dimanche, l\u2019\u00c9glise professe dans le Credo une affirmation qui peut sembler \u00e9nigmatique : <strong>\u00ab Il est descendu aux enfers \u00bb<\/strong>. Cette formule, re\u00e7ue de la tradition apostolique, appartient au c\u0153ur du myst\u00e8re pascal. Elle exprime une dimension essentielle de la mission salvifique du Christ, mais elle reste souvent mal comprise, notamment parce que le mot \u00ab enfer \u00bb \u00e9voque spontan\u00e9ment le lieu de la damnation \u00e9ternelle. Or, la foi de l\u2019\u00c9glise ne signifie pas que J\u00e9sus aurait \u00e9t\u00e9 soumis \u00e0 la condamnation, mais qu\u2019il a voulu rejoindre l\u2019homme jusque dans la profondeur de la mort afin d\u2019y manifester la victoire de la vie.<\/p>\n\n\n\n<p class=\"has-palette-color-4-color has-text-color has-link-color wp-elements-74778182864bdfcab846910b15ef5dd9\">La pr\u00e9cision du Credo \u2014 <strong>\u00ab aux enfers \u00bb<\/strong>, au pluriel \u2014 n\u2019est pas accidentelle. Elle renvoie \u00e0 une compr\u00e9hension biblique et th\u00e9ologique du s\u00e9jour des morts, distinct de l\u2019enfer de damnation. Cette distinction linguistique et doctrinale permet de saisir le sens profond de la descente du Christ : elle r\u00e9v\u00e8le la solidarit\u00e9 radicale de Dieu avec l\u2019humanit\u00e9 et l\u2019universalit\u00e9 du salut offert en J\u00e9sus-Christ.<\/p>\n\n\n\n<p class=\"has-palette-color-4-color has-text-color has-link-color wp-elements-5225785b4620ef335963fd8d8b082c06\">Dans cette perspective, cette r\u00e9flexion se propose d\u2019examiner le pourquoi th\u00e9ologique de cette terminologie et d\u2019en montrer la port\u00e9e doctrinale et spirituelle. La descente aux enfers appara\u00eet alors non comme un d\u00e9tail secondaire du Credo, mais comme une affirmation centrale de la foi chr\u00e9tienne, qui \u00e9claire le myst\u00e8re de la mort, de la r\u00e9demption et de l\u2019esp\u00e9rance.<\/p>\n\n\n\n<p class=\"has-black-color has-text-color has-link-color wp-elements-81af9a62600a2d3e57b7a5c9604d1d5b\"><strong>1. La descente du Christ aux enfers : un myst\u00e8re enracin\u00e9 dans la r\u00e9v\u00e9lation biblique<\/strong><\/p>\n\n\n\n<p class=\"has-palette-color-4-color has-text-color has-link-color wp-elements-248f77c59e5158b0fbc8e9d68b63108f\">La confession de la descente du Christ aux enfers n\u2019est pas une construction tardive de la th\u00e9ologie, mais une v\u00e9rit\u00e9 enracin\u00e9e dans la r\u00e9v\u00e9lation biblique. L\u2019\u00c9criture t\u00e9moigne que le Christ, apr\u00e8s sa mort, a rejoint le domaine des morts pour y accomplir une \u0153uvre de salut.<\/p>\n\n\n\n<p class=\"has-palette-color-4-color has-text-color has-link-color wp-elements-5c9f8de289a2d09f4f350747ae45d285\">La Premi\u00e8re lettre de saint Pierre affirme explicitement : \u00ab Le Christ est mort pour les p\u00e9ch\u00e9s, lui juste pour des injustes, afin de vous conduire \u00e0 Dieu. Mis \u00e0 mort selon la chair, il a \u00e9t\u00e9 rendu vivant selon l\u2019Esprit. C\u2019est alors qu\u2019il est all\u00e9 proclamer son message aux esprits en prison \u00bb (1 P 3,18-19).<\/p>\n\n\n\n<p class=\"has-palette-color-4-color has-text-color has-link-color wp-elements-5cafb4969859688931edc2e82ac65908\">Ce texte sugg\u00e8re que la mort du Christ n\u2019a pas \u00e9t\u00e9 un simple passage vers la r\u00e9surrection, mais un moment actif de sa mission salvifique. Le Christ descend dans le lieu des morts pour y annoncer la victoire du salut. Cette perspective est confirm\u00e9e par saint Paul lorsqu\u2019il \u00e9crit : \u00ab Il est mont\u00e9 ! Qu\u2019est-ce \u00e0 dire, sinon qu\u2019il est aussi descendu dans les r\u00e9gions inf\u00e9rieures de la terre ? \u00bb (Ep 4,9).<\/p>\n\n\n\n<p class=\"has-palette-color-4-color has-text-color has-link-color wp-elements-b51223059ae6850f04f94834b3b3bf89\">Dans la tradition biblique, le lieu des morts est d\u00e9sign\u00e9 par le terme <strong>Sh\u00e9ol<\/strong> en h\u00e9breu ou <strong>Had\u00e8s<\/strong> en grec. Il ne s\u2019agit pas d\u2019un lieu de condamnation, mais de la condition commune \u00e0 tous les morts. La descente du Christ signifie donc qu\u2019il a pleinement partag\u00e9 la condition humaine, y compris la r\u00e9alit\u00e9 de la mort. Comme l\u2019enseigne le Cat\u00e9chisme de l\u2019\u00c9glise catholique :<\/p>\n\n\n\n<p class=\"has-palette-color-4-color has-text-color has-link-color wp-elements-3b1914f5d1a56b7ca6486ff86df29bd4\">\u00ab J\u00e9sus est descendu dans les profondeurs de la mort afin que les morts entendent la voix du Fils de Dieu et que ceux qui l\u2019auront entendue vivent. \u00bb<a href=\"#_ftn1\" id=\"_ftnref1\">[1]<\/a> Ainsi, la descente aux enfers appara\u00eet d\u00e8s l\u2019origine comme une affirmation de la r\u00e9alit\u00e9 de la mort du Christ et de son action salvifique dans le monde des morts.<\/p>\n\n\n\n<p class=\"has-black-color has-text-color has-link-color wp-elements-81b79815182d1eda1363d7b9320a2346\"><strong>2. Pourquoi l\u2019\u00c9glise dit-elle \u00ab aux enfers \u00bb et non simplement \u00ab en enfer \u00bb ?<\/strong><\/p>\n\n\n\n<p class=\"has-palette-color-4-color has-text-color has-link-color wp-elements-b0e36a0cd85dd26f36cb8af39819ce3c\">La formulation du Credo constitue une cl\u00e9 th\u00e9ologique essentielle pour comprendre ce myst\u00e8re. L\u2019\u00c9glise ne dit pas que le Christ est descendu \u00ab en enfer \u00bb, mais <strong>\u00ab aux enfers \u00bb<\/strong>, au pluriel. Cette distinction grammaticale refl\u00e8te une v\u00e9rit\u00e9 doctrinale pr\u00e9cise.<\/p>\n\n\n\n<p class=\"has-palette-color-4-color has-text-color has-link-color wp-elements-4cb7ba7ac4137c7a4d8654143c5c09a1\">Le mot \u00ab enfers \u00bb traduit le latin <em>inferi<\/em> ou <em>inferos<\/em>, qui signifie \u00ab les lieux inf\u00e9rieurs \u00bb ou \u00ab le s\u00e9jour des morts \u00bb. Il d\u00e9signe l\u2019ensemble de la condition des morts avant la r\u00e9surrection du Christ. Cette terminologie permet d\u2019\u00e9viter une confusion grave : celle de penser que le Christ aurait \u00e9t\u00e9 soumis \u00e0 la condamnation \u00e9ternelle.<\/p>\n\n\n\n<p class=\"has-palette-color-4-color has-text-color has-link-color wp-elements-308fbf5214d1c56ca2016d3793b65fb6\">La tradition chr\u00e9tienne distingue en effet plusieurs r\u00e9alit\u00e9s dans l\u2019\u00e9tat des morts : la condition des justes, la purification des \u00e2mes et la s\u00e9paration d\u00e9finitive des damn\u00e9s. Lorsque le Credo affirme que J\u00e9sus est descendu aux enfers, il signifie qu\u2019il a rejoint le s\u00e9jour des morts pour y accomplir l\u2019\u0153uvre de la r\u00e9demption.<\/p>\n\n\n\n<p class=\"has-palette-color-4-color has-text-color has-link-color wp-elements-d8ddf70564008a8b51b465a3843d90e9\">Le Cat\u00e9chisme pr\u00e9cise clairement cette distinction : \u00ab L\u2019\u00c9criture appelle enfers, sh\u00e9ol ou Had\u00e8s, le s\u00e9jour des morts o\u00f9 le Christ mort est descendu. \u00bb<a href=\"#_ftn2\" id=\"_ftnref2\">[2]<\/a> Ainsi, la pluralit\u00e9 du terme \u00ab enfers \u00bb n\u2019est pas une simple question de vocabulaire, mais une exigence th\u00e9ologique. Elle prot\u00e8ge la v\u00e9rit\u00e9 fondamentale selon laquelle le Christ n\u2019a pas \u00e9t\u00e9 soumis \u00e0 la damnation, mais qu\u2019il a volontairement rejoint l\u2019humanit\u00e9 jusque dans la mort pour la sauver.<\/p>\n\n\n\n<p class=\"has-palette-color-4-color has-text-color has-link-color wp-elements-0fb708c773ca36a6fc579e7df9126467\">Cette pr\u00e9cision linguistique r\u00e9v\u00e8le aussi une dimension fondamentale de la foi chr\u00e9tienne : le salut n\u2019est pas limit\u00e9 aux vivants, mais s\u2019\u00e9tend \u00e0 toute l\u2019humanit\u00e9, y compris \u00e0 ceux qui ont v\u00e9cu avant la venue du Christ.<\/p>\n\n\n\n<p class=\"has-black-color has-text-color has-link-color wp-elements-1393c1314454b5e3f5eb43ba97e4c142\"><strong>3. La descente aux enfers : manifestation de la solidarit\u00e9 radicale du Christ avec l\u2019humanit\u00e9<\/strong><\/p>\n\n\n\n<p class=\"has-palette-color-4-color has-text-color has-link-color wp-elements-8ab590f067be7b75fd2fa3d5af263d46\">La descente aux enfers exprime la profondeur de l\u2019incarnation. En descendant dans le s\u00e9jour des morts, le Christ manifeste qu\u2019il a assum\u00e9 pleinement la condition humaine, jusque dans son exp\u00e9rience la plus radicale : la mort.<\/p>\n\n\n\n<p class=\"has-palette-color-4-color has-text-color has-link-color wp-elements-35f4eb561c9d47268c3ea665fcbc64d1\">Cette solidarit\u00e9 absolue constitue une dimension essentielle de la r\u00e9demption. Le Christ ne sauve pas l\u2019homme de l\u2019ext\u00e9rieur, mais de l\u2019int\u00e9rieur de sa condition. Il entre dans la mort pour la transformer en lieu de salut.<\/p>\n\n\n\n<p class=\"has-palette-color-4-color has-text-color has-link-color wp-elements-5fdf7f73445b6e2012b19d3325a0e8b1\">Saint Thomas d\u2019Aquin explique que cette descente \u00e9tait conforme \u00e0 la logique de l\u2019incarnation : \u00ab Il convenait que le Christ descende aux enfers pour d\u00e9livrer ceux qui y \u00e9taient retenus et pour manifester sa puissance sur la mort. \u00bb<a href=\"#_ftn3\" id=\"_ftnref3\">[3]<\/a> Cette affirmation met en lumi\u00e8re une v\u00e9rit\u00e9 fondamentale : la descente aux enfers n\u2019est pas une humiliation suppl\u00e9mentaire, mais une manifestation de la puissance salvifique du Christ. Elle r\u00e9v\u00e8le un Dieu qui ne se contente pas d\u2019observer la souffrance humaine, mais qui la partage jusqu\u2019au bout.<\/p>\n\n\n\n<p class=\"has-palette-color-4-color has-text-color has-link-color wp-elements-1a875354aeaac4f13d76e140b0248747\">Dans cette perspective, la descente aux enfers appara\u00eet comme l\u2019expression ultime de la solidarit\u00e9 divine. Le Christ rejoint l\u2019homme dans l\u2019ab\u00eeme de la mort afin d\u2019y ouvrir un chemin de vie.<\/p>\n\n\n\n<p class=\"has-black-color has-text-color has-link-color wp-elements-31d4a84f125ac660191a465fb5b049a1\"><strong>4. La descente aux enfers : proclamation de la victoire du Christ sur la mort<\/strong><\/p>\n\n\n\n<p class=\"has-palette-color-4-color has-text-color has-link-color wp-elements-cabe04012941ebb9fe3a1c727464b1b0\">La descente aux enfers ne doit pas \u00eatre comprise comme une d\u00e9faite, mais comme une victoire. Elle constitue le moment o\u00f9 le Christ manifeste sa domination sur la mort et inaugure l\u2019\u00e8re du salut.<\/p>\n\n\n\n<p class=\"has-palette-color-4-color has-text-color has-link-color wp-elements-2a079bf5928d95a86fae3525b7d02e61\">La tradition liturgique de l\u2019\u00c9glise exprime cette v\u00e9rit\u00e9 dans une ancienne hom\u00e9lie pour le Samedi saint : \u00ab Il est all\u00e9 chercher notre premier p\u00e8re comme une brebis perdue. Il a voulu visiter ceux qui \u00e9taient assis dans les t\u00e9n\u00e8bres et \u00e0 l\u2019ombre de la mort. \u00bb<a href=\"#_ftn4\" id=\"_ftnref4\">[4]<\/a><\/p>\n\n\n\n<p class=\"has-palette-color-4-color has-text-color has-link-color wp-elements-346c1d65338366c5876f8f63f65303ae\">Cette image symbolique montre que le Christ n\u2019est pas passif dans la mort : il agit pour lib\u00e9rer l\u2019humanit\u00e9. La descente aux enfers devient ainsi le signe de la victoire d\u00e9finitive du Christ sur le pouvoir de la mort.<\/p>\n\n\n\n<p class=\"has-palette-color-4-color has-text-color has-link-color wp-elements-d724cc4d1c202520987a43b78acc6db2\">Le th\u00e9ologien <strong>Joseph Ratzinger<\/strong>, futur pape <strong>Beno\u00eet XVI<\/strong>, souligne que cette confession du Credo exprime la radicalit\u00e9 de la r\u00e9demption :<\/p>\n\n\n\n<p class=\"has-palette-color-4-color has-text-color has-link-color wp-elements-cdf1b290634663616db369612b117d49\">\u00ab Le Christ a p\u00e9n\u00e9tr\u00e9 dans la solitude absolue de la mort afin que l\u2019homme ne soit plus jamais seul dans la mort. \u00bb<a href=\"#_ftn5\" id=\"_ftnref5\">[5]<\/a> Cette perspective donne \u00e0 la descente aux enfers une dimension profond\u00e9ment existentielle : elle signifie que la mort n\u2019est plus un lieu d\u2019abandon, mais un lieu o\u00f9 la pr\u00e9sence du Christ demeure.<\/p>\n\n\n\n<p class=\"has-black-color has-text-color has-link-color wp-elements-ab2a3c16d1c97e64b9291f03a6d70606\"><strong>5. Une confession de foi porteuse d\u2019esp\u00e9rance pour l\u2019\u00c9glise et pour le monde<\/strong><\/p>\n\n\n\n<p class=\"has-palette-color-4-color has-text-color has-link-color wp-elements-074f31d3e89e982198d6d5128bc43572\">La confession de la descente du Christ aux enfers n\u2019appartient pas seulement \u00e0 la doctrine, mais aussi \u00e0 la vie spirituelle. Elle constitue une source d\u2019esp\u00e9rance pour les croyants face au myst\u00e8re de la mort.<\/p>\n\n\n\n<p class=\"has-palette-color-4-color has-text-color has-link-color wp-elements-614215979a61b13bdc6ffa6f663cde7a\">En descendant aux enfers, le Christ a transform\u00e9 la mort en passage vers la vie. Cette v\u00e9rit\u00e9 donne au chr\u00e9tien une confiance nouvelle devant la r\u00e9alit\u00e9 de la mort et du jugement.<\/p>\n\n\n\n<p class=\"has-palette-color-4-color has-text-color has-link-color wp-elements-4e38dce2153a4ece8801f16d5443945b\">Le Cat\u00e9chisme affirme : \u00ab La descente aux enfers est l\u2019accomplissement de la proclamation \u00e9vang\u00e9lique du salut. \u00bb<a href=\"#_ftn6\" id=\"_ftnref6\">[6]<\/a> Ainsi, la descente aux enfers r\u00e9v\u00e8le que le salut offert par le Christ est universel. Aucun \u00eatre humain n\u2019est exclu de la possibilit\u00e9 de la r\u00e9demption. M\u00eame dans les situations les plus sombres, la pr\u00e9sence du Christ demeure une source d\u2019esp\u00e9rance.<\/p>\n\n\n\n<p class=\"has-palette-color-4-color has-text-color has-link-color wp-elements-2a65eb5b8389d1ad7c24cd1a5135bea9\">Cette confession du Credo devient alors une proclamation de la victoire de la vie sur la mort et de l\u2019amour de Dieu sur le p\u00e9ch\u00e9.<\/p>\n\n\n\n<p class=\"has-palette-color-4-color has-text-color has-link-color wp-elements-be33c79c79cd666eb0535dd15d59324e\"><strong>Conclusion<\/strong><\/p>\n\n\n\n<p class=\"has-palette-color-4-color has-text-color has-link-color wp-elements-793cf75be79a3d4f0bc4e3042faed5ba\">La confession du Credo selon laquelle J\u00e9sus est \u00ab descendu aux enfers \u00bb exprime une v\u00e9rit\u00e9 fondamentale du myst\u00e8re chr\u00e9tien : le Fils de Dieu a rejoint l\u2019humanit\u00e9 jusque dans la profondeur de la mort afin d\u2019y manifester la victoire du salut. La terminologie \u00ab aux enfers \u00bb, au pluriel, n\u2019est pas une simple formule linguistique, mais une pr\u00e9cision th\u00e9ologique essentielle qui distingue le s\u00e9jour des morts de l\u2019enfer de damnation.<\/p>\n\n\n\n<p class=\"has-palette-color-4-color has-text-color has-link-color wp-elements-26c57417d64936e77a0c0fe2dcd71636\">En descendant aux enfers, le Christ a manifest\u00e9 sa solidarit\u00e9 totale avec l\u2019homme, sa victoire sur la mort et l\u2019universalit\u00e9 du salut. Cette confession demeure aujourd\u2019hui une source d\u2019esp\u00e9rance pour l\u2019\u00c9glise, car elle proclame que m\u00eame dans les profondeurs de la mort, la pr\u00e9sence du Christ transforme l\u2019obscurit\u00e9 en lumi\u00e8re.<\/p>\n\n\n\n<p class=\"has-palette-color-4-color has-text-color has-link-color wp-elements-49a401a45c4951531cb1bba19ba00e3f\">Ainsi, dire que J\u00e9sus est descendu aux enfers, c\u2019est proclamer que rien \u2014 pas m\u00eame la mort \u2014 ne peut s\u00e9parer l\u2019homme de l\u2019amour de Dieu.<\/p>\n\n\n\n<hr class=\"wp-block-separator has-alpha-channel-opacity\"\/>\n\n\n\n<p><a href=\"#_ftnref1\" id=\"_ftn1\">[1]<\/a>Cat\u00e9chisme de l\u2019\u00c9glise catholique, n.635.<\/p>\n\n\n\n<p><a href=\"#_ftnref2\" id=\"_ftn2\">[2]<\/a> Ibid. n. 633.<\/p>\n\n\n\n<p><a href=\"#_ftnref3\" id=\"_ftn3\">[3]<\/a> Thomas d\u2019Aquin, <em>Somme th\u00e9ologique<\/em>, III, q. 52, a. 1.<\/p>\n\n\n\n<p><a href=\"#_ftnref4\" id=\"_ftn4\">[4]<\/a> Office des lectures du Samedi saint, <em>Ancienne hom\u00e9lie sur le grand et saint Samedi.<\/em><\/p>\n\n\n\n<p><a href=\"#_ftnref5\" id=\"_ftn5\">[5]<\/a>Joseph Ratzinger, <em>Introduction au christianisme<\/em>, Cerf, Paris,1969, 273.<\/p>\n\n\n\n<p><a href=\"#_ftnref6\" id=\"_ftn6\">[6]<\/a> Cat\u00e9chisme de l\u2019\u00c9glise catholique, n. 634.<\/p>\n","protected":false},"excerpt":{"rendered":"<p>Chaque dimanche, l\u2019\u00c9glise professe dans le Credo une affirmation qui peut sembler \u00e9nigmatique : \u00ab Il est descendu aux enfers \u00bb. Cette formule, re\u00e7ue de la tradition apostolique, appartient au c\u0153ur du myst\u00e8re pascal. Elle exprime une dimension essentielle de la mission salvifique du Christ, mais elle reste souvent mal comprise, notamment parce que le [&hellip;]<\/p>\n","protected":false},"author":6,"featured_media":1373,"comment_status":"open","ping_status":"open","sticky":false,"template":"elementor_theme","format":"standard","meta":{"_jetpack_memberships_contains_paid_content":false,"footnotes":""},"categories":[1,36],"tags":[],"class_list":["post-1372","post","type-post","status-publish","format-standard","has-post-thumbnail","hentry","category-non-classe","category-reflexions"],"blocksy_meta":[],"yoast_head":"<!-- This site is optimized with the Yoast SEO plugin v26.0 - https:\/\/yoast.com\/wordpress\/plugins\/seo\/ -->\n<title>\u00ab Il est descendu aux enfers \u00bb : port\u00e9e th\u00e9ologique d\u2019une confession du credo - Academia Mentoris<\/title>\n<meta name=\"robots\" content=\"index, follow, max-snippet:-1, max-image-preview:large, max-video-preview:-1\" \/>\n<link rel=\"canonical\" href=\"https:\/\/www.academia-mentoris.com\/?p=1372\" \/>\n<meta property=\"og:locale\" content=\"fr_FR\" \/>\n<meta property=\"og:type\" content=\"article\" \/>\n<meta property=\"og:title\" content=\"\u00ab Il est descendu aux enfers \u00bb : port\u00e9e th\u00e9ologique d\u2019une confession du credo - Academia Mentoris\" \/>\n<meta property=\"og:description\" content=\"Chaque dimanche, l\u2019\u00c9glise professe dans le Credo une affirmation qui peut sembler \u00e9nigmatique : \u00ab Il est descendu aux enfers \u00bb. Cette formule, re\u00e7ue de la tradition apostolique, appartient au c\u0153ur du myst\u00e8re pascal. Elle exprime une dimension essentielle de la mission salvifique du Christ, mais elle reste souvent mal comprise, notamment parce que le [&hellip;]\" \/>\n<meta property=\"og:url\" content=\"https:\/\/www.academia-mentoris.com\/?p=1372\" \/>\n<meta property=\"og:site_name\" content=\"Academia Mentoris\" \/>\n<meta property=\"article:published_time\" content=\"2026-05-01T20:17:16+00:00\" \/>\n<meta property=\"article:modified_time\" content=\"2026-05-01T20:17:20+00:00\" \/>\n<meta property=\"og:image\" content=\"https:\/\/www.academia-mentoris.com\/wp-content\/uploads\/2026\/05\/WhatsApp-Image-2026-0-17.34.45.jpeg\" \/>\n\t<meta property=\"og:image:width\" content=\"720\" \/>\n\t<meta property=\"og:image:height\" content=\"606\" \/>\n\t<meta property=\"og:image:type\" content=\"image\/jpeg\" \/>\n<meta name=\"author\" content=\"Maronga Justin Mo\u00efse, Contributeur Academia Mentoris\" \/>\n<meta name=\"twitter:card\" content=\"summary_large_image\" \/>\n<meta name=\"twitter:label1\" content=\"\u00c9crit par\" \/>\n\t<meta name=\"twitter:data1\" content=\"Maronga Justin Mo\u00efse, Contributeur Academia Mentoris\" \/>\n\t<meta name=\"twitter:label2\" content=\"Dur\u00e9e de lecture estim\u00e9e\" \/>\n\t<meta name=\"twitter:data2\" content=\"9 minutes\" \/>\n<script type=\"application\/ld+json\" class=\"yoast-schema-graph\">{\"@context\":\"https:\/\/schema.org\",\"@graph\":[{\"@type\":\"Article\",\"@id\":\"https:\/\/www.academia-mentoris.com\/?p=1372#article\",\"isPartOf\":{\"@id\":\"https:\/\/www.academia-mentoris.com\/?p=1372\"},\"author\":{\"name\":\"Maronga Justin Mo\u00efse, Contributeur Academia Mentoris\",\"@id\":\"https:\/\/www.academia-mentoris.com\/#\/schema\/person\/83b3e20c30b03bf64bcf878ea63219b0\"},\"headline\":\"\u00ab Il est descendu aux enfers \u00bb : port\u00e9e th\u00e9ologique d\u2019une confession du credo\",\"datePublished\":\"2026-05-01T20:17:16+00:00\",\"dateModified\":\"2026-05-01T20:17:20+00:00\",\"mainEntityOfPage\":{\"@id\":\"https:\/\/www.academia-mentoris.com\/?p=1372\"},\"wordCount\":1741,\"commentCount\":0,\"publisher\":{\"@id\":\"https:\/\/www.academia-mentoris.com\/#organization\"},\"image\":{\"@id\":\"https:\/\/www.academia-mentoris.com\/?p=1372#primaryimage\"},\"thumbnailUrl\":\"https:\/\/www.academia-mentoris.com\/wp-content\/uploads\/2026\/05\/WhatsApp-Image-2026-0-17.34.45.jpeg\",\"articleSection\":{\"1\":\"R\u00e9flexions\"},\"inLanguage\":\"fr-FR\",\"potentialAction\":[{\"@type\":\"CommentAction\",\"name\":\"Comment\",\"target\":[\"https:\/\/www.academia-mentoris.com\/?p=1372#respond\"]}]},{\"@type\":\"WebPage\",\"@id\":\"https:\/\/www.academia-mentoris.com\/?p=1372\",\"url\":\"https:\/\/www.academia-mentoris.com\/?p=1372\",\"name\":\"\u00ab Il est descendu aux enfers \u00bb : port\u00e9e th\u00e9ologique d\u2019une confession du credo - Academia Mentoris\",\"isPartOf\":{\"@id\":\"https:\/\/www.academia-mentoris.com\/#website\"},\"primaryImageOfPage\":{\"@id\":\"https:\/\/www.academia-mentoris.com\/?p=1372#primaryimage\"},\"image\":{\"@id\":\"https:\/\/www.academia-mentoris.com\/?p=1372#primaryimage\"},\"thumbnailUrl\":\"https:\/\/www.academia-mentoris.com\/wp-content\/uploads\/2026\/05\/WhatsApp-Image-2026-0-17.34.45.jpeg\",\"datePublished\":\"2026-05-01T20:17:16+00:00\",\"dateModified\":\"2026-05-01T20:17:20+00:00\",\"breadcrumb\":{\"@id\":\"https:\/\/www.academia-mentoris.com\/?p=1372#breadcrumb\"},\"inLanguage\":\"fr-FR\",\"potentialAction\":[{\"@type\":\"ReadAction\",\"target\":[\"https:\/\/www.academia-mentoris.com\/?p=1372\"]}]},{\"@type\":\"ImageObject\",\"inLanguage\":\"fr-FR\",\"@id\":\"https:\/\/www.academia-mentoris.com\/?p=1372#primaryimage\",\"url\":\"https:\/\/www.academia-mentoris.com\/wp-content\/uploads\/2026\/05\/WhatsApp-Image-2026-0-17.34.45.jpeg\",\"contentUrl\":\"https:\/\/www.academia-mentoris.com\/wp-content\/uploads\/2026\/05\/WhatsApp-Image-2026-0-17.34.45.jpeg\",\"width\":720,\"height\":606},{\"@type\":\"BreadcrumbList\",\"@id\":\"https:\/\/www.academia-mentoris.com\/?p=1372#breadcrumb\",\"itemListElement\":[{\"@type\":\"ListItem\",\"position\":1,\"name\":\"Home\",\"item\":\"https:\/\/www.academia-mentoris.com\/\"},{\"@type\":\"ListItem\",\"position\":2,\"name\":\"\u00ab Il est descendu aux enfers \u00bb : port\u00e9e th\u00e9ologique d\u2019une confession du credo\"}]},{\"@type\":\"WebSite\",\"@id\":\"https:\/\/www.academia-mentoris.com\/#website\",\"url\":\"https:\/\/www.academia-mentoris.com\/\",\"name\":\"Academia Mentoris\",\"description\":\"Le laboratoire du verbe\",\"publisher\":{\"@id\":\"https:\/\/www.academia-mentoris.com\/#organization\"},\"potentialAction\":[{\"@type\":\"SearchAction\",\"target\":{\"@type\":\"EntryPoint\",\"urlTemplate\":\"https:\/\/www.academia-mentoris.com\/?s={search_term_string}\"},\"query-input\":{\"@type\":\"PropertyValueSpecification\",\"valueRequired\":true,\"valueName\":\"search_term_string\"}}],\"inLanguage\":\"fr-FR\"},{\"@type\":\"Organization\",\"@id\":\"https:\/\/www.academia-mentoris.com\/#organization\",\"name\":\"Academia Mentoris\",\"url\":\"https:\/\/www.academia-mentoris.com\/\",\"logo\":{\"@type\":\"ImageObject\",\"inLanguage\":\"fr-FR\",\"@id\":\"https:\/\/www.academia-mentoris.com\/#\/schema\/logo\/image\/\",\"url\":\"https:\/\/www.academia-mentoris.com\/wp-content\/uploads\/2025\/09\/logo-acabien.jpg\",\"contentUrl\":\"https:\/\/www.academia-mentoris.com\/wp-content\/uploads\/2025\/09\/logo-acabien.jpg\",\"width\":1013,\"height\":298,\"caption\":\"Academia Mentoris\"},\"image\":{\"@id\":\"https:\/\/www.academia-mentoris.com\/#\/schema\/logo\/image\/\"}},{\"@type\":\"Person\",\"@id\":\"https:\/\/www.academia-mentoris.com\/#\/schema\/person\/83b3e20c30b03bf64bcf878ea63219b0\",\"name\":\"Maronga Justin Mo\u00efse, Contributeur Academia Mentoris\",\"image\":{\"@type\":\"ImageObject\",\"inLanguage\":\"fr-FR\",\"@id\":\"https:\/\/www.academia-mentoris.com\/#\/schema\/person\/image\/\",\"url\":\"https:\/\/www.academia-mentoris.com\/wp-content\/uploads\/2025\/10\/maronga-96x96.jpg\",\"contentUrl\":\"https:\/\/www.academia-mentoris.com\/wp-content\/uploads\/2025\/10\/maronga-96x96.jpg\",\"caption\":\"Maronga Justin Mo\u00efse, Contributeur Academia Mentoris\"},\"url\":\"https:\/\/www.academia-mentoris.com\/?author=6\"}]}<\/script>\n<!-- \/ Yoast SEO plugin. -->","yoast_head_json":{"title":"\u00ab Il est descendu aux enfers \u00bb : port\u00e9e th\u00e9ologique d\u2019une confession du credo - Academia Mentoris","robots":{"index":"index","follow":"follow","max-snippet":"max-snippet:-1","max-image-preview":"max-image-preview:large","max-video-preview":"max-video-preview:-1"},"canonical":"https:\/\/www.academia-mentoris.com\/?p=1372","og_locale":"fr_FR","og_type":"article","og_title":"\u00ab Il est descendu aux enfers \u00bb : port\u00e9e th\u00e9ologique d\u2019une confession du credo - Academia Mentoris","og_description":"Chaque dimanche, l\u2019\u00c9glise professe dans le Credo une affirmation qui peut sembler \u00e9nigmatique : \u00ab Il est descendu aux enfers \u00bb. Cette formule, re\u00e7ue de la tradition apostolique, appartient au c\u0153ur du myst\u00e8re pascal. Elle exprime une dimension essentielle de la mission salvifique du Christ, mais elle reste souvent mal comprise, notamment parce que le [&hellip;]","og_url":"https:\/\/www.academia-mentoris.com\/?p=1372","og_site_name":"Academia Mentoris","article_published_time":"2026-05-01T20:17:16+00:00","article_modified_time":"2026-05-01T20:17:20+00:00","og_image":[{"width":720,"height":606,"url":"https:\/\/www.academia-mentoris.com\/wp-content\/uploads\/2026\/05\/WhatsApp-Image-2026-0-17.34.45.jpeg","type":"image\/jpeg"}],"author":"Maronga Justin Mo\u00efse, Contributeur Academia Mentoris","twitter_card":"summary_large_image","twitter_misc":{"\u00c9crit par":"Maronga Justin Mo\u00efse, Contributeur Academia Mentoris","Dur\u00e9e de lecture estim\u00e9e":"9 minutes"},"schema":{"@context":"https:\/\/schema.org","@graph":[{"@type":"Article","@id":"https:\/\/www.academia-mentoris.com\/?p=1372#article","isPartOf":{"@id":"https:\/\/www.academia-mentoris.com\/?p=1372"},"author":{"name":"Maronga Justin Mo\u00efse, Contributeur Academia Mentoris","@id":"https:\/\/www.academia-mentoris.com\/#\/schema\/person\/83b3e20c30b03bf64bcf878ea63219b0"},"headline":"\u00ab Il est descendu aux enfers \u00bb : port\u00e9e th\u00e9ologique d\u2019une confession du credo","datePublished":"2026-05-01T20:17:16+00:00","dateModified":"2026-05-01T20:17:20+00:00","mainEntityOfPage":{"@id":"https:\/\/www.academia-mentoris.com\/?p=1372"},"wordCount":1741,"commentCount":0,"publisher":{"@id":"https:\/\/www.academia-mentoris.com\/#organization"},"image":{"@id":"https:\/\/www.academia-mentoris.com\/?p=1372#primaryimage"},"thumbnailUrl":"https:\/\/www.academia-mentoris.com\/wp-content\/uploads\/2026\/05\/WhatsApp-Image-2026-0-17.34.45.jpeg","articleSection":{"1":"R\u00e9flexions"},"inLanguage":"fr-FR","potentialAction":[{"@type":"CommentAction","name":"Comment","target":["https:\/\/www.academia-mentoris.com\/?p=1372#respond"]}]},{"@type":"WebPage","@id":"https:\/\/www.academia-mentoris.com\/?p=1372","url":"https:\/\/www.academia-mentoris.com\/?p=1372","name":"\u00ab Il est descendu aux enfers \u00bb : port\u00e9e th\u00e9ologique d\u2019une confession du credo - Academia Mentoris","isPartOf":{"@id":"https:\/\/www.academia-mentoris.com\/#website"},"primaryImageOfPage":{"@id":"https:\/\/www.academia-mentoris.com\/?p=1372#primaryimage"},"image":{"@id":"https:\/\/www.academia-mentoris.com\/?p=1372#primaryimage"},"thumbnailUrl":"https:\/\/www.academia-mentoris.com\/wp-content\/uploads\/2026\/05\/WhatsApp-Image-2026-0-17.34.45.jpeg","datePublished":"2026-05-01T20:17:16+00:00","dateModified":"2026-05-01T20:17:20+00:00","breadcrumb":{"@id":"https:\/\/www.academia-mentoris.com\/?p=1372#breadcrumb"},"inLanguage":"fr-FR","potentialAction":[{"@type":"ReadAction","target":["https:\/\/www.academia-mentoris.com\/?p=1372"]}]},{"@type":"ImageObject","inLanguage":"fr-FR","@id":"https:\/\/www.academia-mentoris.com\/?p=1372#primaryimage","url":"https:\/\/www.academia-mentoris.com\/wp-content\/uploads\/2026\/05\/WhatsApp-Image-2026-0-17.34.45.jpeg","contentUrl":"https:\/\/www.academia-mentoris.com\/wp-content\/uploads\/2026\/05\/WhatsApp-Image-2026-0-17.34.45.jpeg","width":720,"height":606},{"@type":"BreadcrumbList","@id":"https:\/\/www.academia-mentoris.com\/?p=1372#breadcrumb","itemListElement":[{"@type":"ListItem","position":1,"name":"Home","item":"https:\/\/www.academia-mentoris.com\/"},{"@type":"ListItem","position":2,"name":"\u00ab Il est descendu aux enfers \u00bb : port\u00e9e th\u00e9ologique d\u2019une confession du credo"}]},{"@type":"WebSite","@id":"https:\/\/www.academia-mentoris.com\/#website","url":"https:\/\/www.academia-mentoris.com\/","name":"Academia Mentoris","description":"Le laboratoire du verbe","publisher":{"@id":"https:\/\/www.academia-mentoris.com\/#organization"},"potentialAction":[{"@type":"SearchAction","target":{"@type":"EntryPoint","urlTemplate":"https:\/\/www.academia-mentoris.com\/?s={search_term_string}"},"query-input":{"@type":"PropertyValueSpecification","valueRequired":true,"valueName":"search_term_string"}}],"inLanguage":"fr-FR"},{"@type":"Organization","@id":"https:\/\/www.academia-mentoris.com\/#organization","name":"Academia Mentoris","url":"https:\/\/www.academia-mentoris.com\/","logo":{"@type":"ImageObject","inLanguage":"fr-FR","@id":"https:\/\/www.academia-mentoris.com\/#\/schema\/logo\/image\/","url":"https:\/\/www.academia-mentoris.com\/wp-content\/uploads\/2025\/09\/logo-acabien.jpg","contentUrl":"https:\/\/www.academia-mentoris.com\/wp-content\/uploads\/2025\/09\/logo-acabien.jpg","width":1013,"height":298,"caption":"Academia Mentoris"},"image":{"@id":"https:\/\/www.academia-mentoris.com\/#\/schema\/logo\/image\/"}},{"@type":"Person","@id":"https:\/\/www.academia-mentoris.com\/#\/schema\/person\/83b3e20c30b03bf64bcf878ea63219b0","name":"Maronga Justin Mo\u00efse, Contributeur Academia Mentoris","image":{"@type":"ImageObject","inLanguage":"fr-FR","@id":"https:\/\/www.academia-mentoris.com\/#\/schema\/person\/image\/","url":"https:\/\/www.academia-mentoris.com\/wp-content\/uploads\/2025\/10\/maronga-96x96.jpg","contentUrl":"https:\/\/www.academia-mentoris.com\/wp-content\/uploads\/2025\/10\/maronga-96x96.jpg","caption":"Maronga Justin Mo\u00efse, Contributeur Academia Mentoris"},"url":"https:\/\/www.academia-mentoris.com\/?author=6"}]}},"jetpack_featured_media_url":"https:\/\/www.academia-mentoris.com\/wp-content\/uploads\/2026\/05\/WhatsApp-Image-2026-0-17.34.45.jpeg","jetpack_sharing_enabled":true,"_links":{"self":[{"href":"https:\/\/www.academia-mentoris.com\/index.php?rest_route=\/wp\/v2\/posts\/1372","targetHints":{"allow":["GET"]}}],"collection":[{"href":"https:\/\/www.academia-mentoris.com\/index.php?rest_route=\/wp\/v2\/posts"}],"about":[{"href":"https:\/\/www.academia-mentoris.com\/index.php?rest_route=\/wp\/v2\/types\/post"}],"author":[{"embeddable":true,"href":"https:\/\/www.academia-mentoris.com\/index.php?rest_route=\/wp\/v2\/users\/6"}],"replies":[{"embeddable":true,"href":"https:\/\/www.academia-mentoris.com\/index.php?rest_route=%2Fwp%2Fv2%2Fcomments&post=1372"}],"version-history":[{"count":1,"href":"https:\/\/www.academia-mentoris.com\/index.php?rest_route=\/wp\/v2\/posts\/1372\/revisions"}],"predecessor-version":[{"id":1374,"href":"https:\/\/www.academia-mentoris.com\/index.php?rest_route=\/wp\/v2\/posts\/1372\/revisions\/1374"}],"wp:featuredmedia":[{"embeddable":true,"href":"https:\/\/www.academia-mentoris.com\/index.php?rest_route=\/wp\/v2\/media\/1373"}],"wp:attachment":[{"href":"https:\/\/www.academia-mentoris.com\/index.php?rest_route=%2Fwp%2Fv2%2Fmedia&parent=1372"}],"wp:term":[{"taxonomy":"category","embeddable":true,"href":"https:\/\/www.academia-mentoris.com\/index.php?rest_route=%2Fwp%2Fv2%2Fcategories&post=1372"},{"taxonomy":"post_tag","embeddable":true,"href":"https:\/\/www.academia-mentoris.com\/index.php?rest_route=%2Fwp%2Fv2%2Ftags&post=1372"}],"curies":[{"name":"wp","href":"https:\/\/api.w.org\/{rel}","templated":true}]}}