{"id":1369,"date":"2026-05-01T21:57:13","date_gmt":"2026-05-01T19:57:13","guid":{"rendered":"https:\/\/www.academia-mentoris.com\/?p=1369"},"modified":"2026-05-01T21:57:17","modified_gmt":"2026-05-01T19:57:17","slug":"labime-et-la-porte-etroite","status":"publish","type":"post","link":"https:\/\/www.academia-mentoris.com\/?p=1369","title":{"rendered":"L\u2019ab\u00eeme et la porte \u00e9troite"},"content":{"rendered":"\n<p class=\"has-palette-color-4-color has-text-color has-link-color wp-elements-4d757ef96221bbeeb1c29055b1db718f\">Avant le temps, avant la poussi\u00e8re des chemins,<\/p>\n\n\n\n<p class=\"has-palette-color-4-color has-text-color has-link-color wp-elements-6f7188372d9f1fdd91fcc4d3702a42e7\">Dans l\u2019\u00e9clat pur o\u00f9 tout n\u2019\u00e9tait que feu divin,<\/p>\n\n\n\n<p class=\"has-palette-color-4-color has-text-color has-link-color wp-elements-1a1bcbbdf2102c50879549070afa47d0\">Un ange se dressa \u2014 lumi\u00e8re parmi les lumi\u00e8res,<\/p>\n\n\n\n<p class=\"has-palette-color-4-color has-text-color has-link-color wp-elements-1469c75ac935c57643ad87bc8abb4ecf\">Splendeur cr\u00e9\u00e9e pour refl\u00e9ter la gloire du P\u00e8re.<\/p>\n\n\n\n<p class=\"has-palette-color-4-color has-text-color has-link-color wp-elements-86534f04ac2bc3cae6986b5b95afcae9\">Il voyait, il savait, il br\u00fblait de clart\u00e9,<\/p>\n\n\n\n<p class=\"has-palette-color-4-color has-text-color has-link-color wp-elements-0fde28a15d7ebad07f844a7070d2664a\">Mais dans ce feu naquit une autre volont\u00e9 :<\/p>\n\n\n\n<p class=\"has-palette-color-4-color has-text-color has-link-color wp-elements-f371af9e74c64cf3172110b7c11ce232\">Non plus recevoir, mais se poss\u00e9der lui-m\u00eame,<\/p>\n\n\n\n<p class=\"has-palette-color-4-color has-text-color has-link-color wp-elements-0d6d650e9bb047c0ab3984de5470afe4\">Non plus adorer, mais devenir le supr\u00eame.<\/p>\n\n\n\n<p class=\"has-palette-color-4-color has-text-color has-link-color wp-elements-050049ac933ad6f1ec9bd7a29696050e\">\u00ab Je ne servirai pas \u00bb \u2014 murmure devenu tonnerre,<\/p>\n\n\n\n<p class=\"has-palette-color-4-color has-text-color has-link-color wp-elements-d85d38b83a59c107c889c0b80d8d0b42\">Et dans ce refus se d\u00e9chira la lumi\u00e8re.<\/p>\n\n\n\n<p class=\"has-palette-color-4-color has-text-color has-link-color wp-elements-e5b48dd040c1b08224e4f3d765c6fe05\">Car l\u2019orgueil n\u2019est pas cri, il est fracture silencieuse :<\/p>\n\n\n\n<p class=\"has-palette-color-4-color has-text-color has-link-color wp-elements-ae37224c0d2691fe3d26771dedf99e4e\">Un c\u0153ur qui se ferme \u00e0 la source bienheureuse.<\/p>\n\n\n\n<p class=\"has-palette-color-4-color has-text-color has-link-color wp-elements-a53fe267605b75198acdafce0fe6f738\">Alors le ciel trembla \u2014 non de peur, mais de justice,<\/p>\n\n\n\n<p class=\"has-palette-color-4-color has-text-color has-link-color wp-elements-b132332c6a560c019634d33dec972033\">Et celui qui voulait s\u2019\u00e9lever tomba dans l\u2019ab\u00eeme sans pr\u00e9misse.<\/p>\n\n\n\n<p class=\"has-palette-color-4-color has-text-color has-link-color wp-elements-74bed7b93cbfbd69392f13380e7e3c96\">Car nul ne monte en Dieu par sa propre hauteur :<\/p>\n\n\n\n<p class=\"has-palette-color-4-color has-text-color has-link-color wp-elements-bd33cc35d74835ec58d8cfc41e256a09\">On ne s\u2019\u00e9l\u00e8ve qu\u2019en recevant du Cr\u00e9ateur.<\/p>\n\n\n\n<p class=\"has-palette-color-4-color has-text-color has-link-color wp-elements-63641d6d2ac13857c062e395fd8aac7a\">Depuis ce jour, il erre, prince sans royaume,<\/p>\n\n\n\n<p class=\"has-palette-color-4-color has-text-color has-link-color wp-elements-5ed7d1cc3b611c46a3c8b8fc737e80c4\">Couronn\u00e9 de vide, enferm\u00e9 dans son propre tr\u00f4ne.<\/p>\n\n\n\n<p class=\"has-palette-color-4-color has-text-color has-link-color wp-elements-2861d73c5f78fce69bb430c83410ce70\">Il hait la lumi\u00e8re qu\u2019il ne peut plus contempler,<\/p>\n\n\n\n<p class=\"has-palette-color-4-color has-text-color has-link-color wp-elements-40d562c2f239776b92674a3e34e7c99f\">Et cherche dans l\u2019homme un reflet \u00e0 d\u00e9figurer.<\/p>\n\n\n\n<p class=\"has-palette-color-4-color has-text-color has-link-color wp-elements-78fdfab668bfe87cc8a42129bb0c6431\">Il aime les orgueilleux \u2014 non par amour, mais par complicit\u00e9,<\/p>\n\n\n\n<p class=\"has-palette-color-4-color has-text-color has-link-color wp-elements-4d2de4b48ab3a7e9337cdfe8329af597\">Car ils portent en eux sa propre v\u00e9rit\u00e9 :<\/p>\n\n\n\n<p class=\"has-palette-color-4-color has-text-color has-link-color wp-elements-6592794ea79172de25545fabd971e815\">Le refus de d\u00e9pendre, le rejet de la gr\u00e2ce,<\/p>\n\n\n\n<p class=\"has-palette-color-4-color has-text-color has-link-color wp-elements-fde6d8207664e662eb6b9da9b2fdb2f0\">Le d\u00e9sir d\u2019\u00eatre tout \u2014 et de nier toute trace.<\/p>\n\n\n\n<p class=\"has-palette-color-4-color has-text-color has-link-color wp-elements-97ce9fade1706923881c1f4d26f98c26\">Il murmure \u00e0 l\u2019\u00e2me : \u00ab Tu n\u2019as besoin de personne,<\/p>\n\n\n\n<p class=\"has-palette-color-4-color has-text-color has-link-color wp-elements-b9b78e1112880d4d0c7aaaf003d949da\">Tu es ta propre loi, ta propre couronne. \u00bb<\/p>\n\n\n\n<p class=\"has-palette-color-4-color has-text-color has-link-color wp-elements-59d14fda56073de07f9235f995fab0da\">Et l\u2019homme, s\u00e9duit par ce mensonge ancien,<\/p>\n\n\n\n<p class=\"has-palette-color-4-color has-text-color has-link-color wp-elements-044a09c4de8fcc8a915626b646a268f2\">Oublie que sa vie est un don, et non un bien.<\/p>\n\n\n\n<p class=\"has-palette-color-4-color has-text-color has-link-color wp-elements-caafb11f69a1b50156cbec7698904925\">Mais l\u2019orgueil est d\u00e9sert sous un ciel sans ros\u00e9e,<\/p>\n\n\n\n<p class=\"has-palette-color-4-color has-text-color has-link-color wp-elements-9c844826b8b28c2c68f134ba477dfe4e\">Une source ferm\u00e9e, une terre \u00e9puis\u00e9e.<\/p>\n\n\n\n<p class=\"has-palette-color-4-color has-text-color has-link-color wp-elements-1c7ca208248856331f7ec251a928ed48\">Il promet la grandeur, mais enfante le n\u00e9ant,<\/p>\n\n\n\n<p class=\"has-palette-color-4-color has-text-color has-link-color wp-elements-55be5b560f9a4a8a8cabc807752640d1\">Car qui se fait dieu devient pauvre en \u00e9tant.<\/p>\n\n\n\n<p class=\"has-palette-color-4-color has-text-color has-link-color wp-elements-8e5919c5a547be8b012fee27ad80f002\">Et voici que Dieu, dans un renversement divin,<\/p>\n\n\n\n<p class=\"has-palette-color-4-color has-text-color has-link-color wp-elements-65d83c2cbdb9bcdc1e8c39a10a254adb\">Regarde non les hauteurs, mais les c\u0153urs incertains.<\/p>\n\n\n\n<p class=\"has-palette-color-4-color has-text-color has-link-color wp-elements-b12f4ac85311d18251f09d5574871e03\">Il ne cherche pas l\u2019orgueil dress\u00e9 comme une tour,<\/p>\n\n\n\n<p class=\"has-palette-color-4-color has-text-color has-link-color wp-elements-b676b169b8a9d4e4e0adc259718fed2a\">Mais l\u2019\u00e2me qui tremble et s\u2019ouvre \u00e0 l\u2019amour.<\/p>\n\n\n\n<p class=\"has-palette-color-4-color has-text-color has-link-color wp-elements-7b3f8b6e3a1b6b857449f0e7fa55b514\">Il choisit les petits, les c\u0153urs d\u00e9pouill\u00e9s,<\/p>\n\n\n\n<p class=\"has-palette-color-4-color has-text-color has-link-color wp-elements-f06d97d73e6f0b5769b094f8b85b4cea\">Ceux qui savent qu\u2019ils ne peuvent rien poss\u00e9der,<\/p>\n\n\n\n<p class=\"has-palette-color-4-color has-text-color has-link-color wp-elements-3966c9232dfe1c45b2005f5a910f0a5a\">Ceux qui s\u2019agenouillent sans masque ni d\u00e9fense,<\/p>\n\n\n\n<p class=\"has-palette-color-4-color has-text-color has-link-color wp-elements-82a6cb0934c5d98abd7adbe6728db267\">Et offrent leur pauvret\u00e9 comme une confiance.<\/p>\n\n\n\n<p class=\"has-palette-color-4-color has-text-color has-link-color wp-elements-22ffacf46a4384dcc4aa36a02af8db80\">Car l\u2019humilit\u00e9 n\u2019est pas m\u00e9pris de soi,<\/p>\n\n\n\n<p class=\"has-palette-color-4-color has-text-color has-link-color wp-elements-8d7b908d7953a6001c2dc42c65a7cfca\">Mais v\u00e9rit\u00e9 simple devant la voix de Dieu en soi.<\/p>\n\n\n\n<p class=\"has-palette-color-4-color has-text-color has-link-color wp-elements-4b5498d8223dbd0df197622c01d3760c\">C\u2019est savoir que tout vient d\u2019un amour premier,<\/p>\n\n\n\n<p class=\"has-palette-color-4-color has-text-color has-link-color wp-elements-41120554a89fcd4ed3c3df6210157508\">Et que vivre, c\u2019est apprendre \u00e0 recevoir et \u00e0 donner.<\/p>\n\n\n\n<p class=\"has-palette-color-4-color has-text-color has-link-color wp-elements-44bf0a8142d223c974c3a6b3539cb20d\">Satan fuit ces \u00e2mes comme la nuit fuit l\u2019aurore,<\/p>\n\n\n\n<p class=\"has-palette-color-4-color has-text-color has-link-color wp-elements-768ba31a226c4ca8320f73688451879e\">Car elles portent en elles ce qu\u2019il abhorre :<\/p>\n\n\n\n<p class=\"has-palette-color-4-color has-text-color has-link-color wp-elements-ac2013a82d2995925af94c50a1e2bf03\">La d\u00e9pendance aim\u00e9e, la confiance abandonn\u00e9e,<\/p>\n\n\n\n<p class=\"has-palette-color-4-color has-text-color has-link-color wp-elements-5c7b8274016067d07cfceee7b2026b33\">La joie d\u2019\u00eatre petit devant l\u2019\u00c9ternit\u00e9.<\/p>\n\n\n\n<p class=\"has-palette-color-4-color has-text-color has-link-color wp-elements-01e9676143b22b029ef7203eb7b71c67\">Il ne peut rien contre celui qui se reconna\u00eet faible,<\/p>\n\n\n\n<p class=\"has-palette-color-4-color has-text-color has-link-color wp-elements-cbf3cd11f31304509ad6519fbc59dcb2\">Car l\u2019humilit\u00e9 rend son mensonge ineffable.<\/p>\n\n\n\n<p class=\"has-palette-color-4-color has-text-color has-link-color wp-elements-3ca5e2b278f22e6b38628c5e4b2e0191\">Comment s\u00e9duire un c\u0153ur qui ne veut pas r\u00e9gner ?<\/p>\n\n\n\n<p class=\"has-palette-color-4-color has-text-color has-link-color wp-elements-4ce0fa50a76aba52b54f627c09083dfb\">Comment tromper celui qui accepte d\u2019\u00eatre aim\u00e9 ?<\/p>\n\n\n\n<p class=\"has-palette-color-4-color has-text-color has-link-color wp-elements-7ec9bb3d533e30b42defc45ea93881aa\">Et voici l\u2019autel, et le silence qui descend,<\/p>\n\n\n\n<p class=\"has-palette-color-4-color has-text-color has-link-color wp-elements-8867c809cc22393e68d44373b0394dc3\">Quand le ciel touche la terre un instant.<\/p>\n\n\n\n<p class=\"has-palette-color-4-color has-text-color has-link-color wp-elements-df583bc04d81591dbadba39de11485d6\">L\u00e0, dans le myst\u00e8re du pain devenu Pr\u00e9sence,<\/p>\n\n\n\n<p class=\"has-palette-color-4-color has-text-color has-link-color wp-elements-398e4ff2f7316383703196b6fa621173\">L\u2019homme s\u2019approche avec tremblement et esp\u00e9rance.<\/p>\n\n\n\n<p class=\"has-palette-color-4-color has-text-color has-link-color wp-elements-7b32764d7b6204a10f0526abdcd6984c\">Alors l\u2019\u00c9glise murmure \u2014 et le c\u0153ur s\u2019incline :<\/p>\n\n\n\n<p class=\"has-palette-color-4-color has-text-color has-link-color wp-elements-6f79321f40378cf3420a0abc0ce55340\">\u00ab Seigneur, je ne suis pas digne de te recevoir,<\/p>\n\n\n\n<p class=\"has-palette-color-4-color has-text-color has-link-color wp-elements-4ec53cc34a51b7a6650cf181e9132ed5\">Mais dis seulement une parole, et je serai gu\u00e9ri. \u00bb<\/p>\n\n\n\n<p class=\"has-palette-color-4-color has-text-color has-link-color wp-elements-92dc30e274e5d7885eac4ecfa37dda74\">Ces mots \u2014 non faiblesse, mais v\u00e9rit\u00e9 profonde,<\/p>\n\n\n\n<p class=\"has-palette-color-4-color has-text-color has-link-color wp-elements-73eadc3a959408746f52f859ef55c157\">Brisent l\u2019orgueil qui enferme le monde.<\/p>\n\n\n\n<p class=\"has-palette-color-4-color has-text-color has-link-color wp-elements-e24145dfbbfc6994fcb34b07fb9ccd07\">Car dire \u00ab je ne suis pas digne \u00bb, ce n\u2019est pas se nier,<\/p>\n\n\n\n<p class=\"has-palette-color-4-color has-text-color has-link-color wp-elements-09edfb47642d8778356c19220d8f4492\">C\u2019est ouvrir son \u00e2me \u00e0 la mis\u00e9ricorde donn\u00e9e.<\/p>\n\n\n\n<p class=\"has-palette-color-4-color has-text-color has-link-color wp-elements-fa72175c577cf6b37726b3af9829c5e4\">L\u2019ange d\u00e9chu n\u2019a jamais su prononcer cela.<\/p>\n\n\n\n<p class=\"has-palette-color-4-color has-text-color has-link-color wp-elements-11fd7a9937fe2f4ef7a606f826931386\">Il n\u2019a jamais su plier, ni croire, ni dire \u00ab me voici, moi \u00bb.<\/p>\n\n\n\n<p class=\"has-palette-color-4-color has-text-color has-link-color wp-elements-efa60261020d0df23f6aeb431793e116\">Son orgueil l\u2019a fig\u00e9 dans un refus \u00e9ternel,<\/p>\n\n\n\n<p class=\"has-palette-color-4-color has-text-color has-link-color wp-elements-d1f8a9a5aeef0bed995c206e5c052d84\">Loin de la tendresse, loin de l\u2019appel.<\/p>\n\n\n\n<p class=\"has-palette-color-4-color has-text-color has-link-color wp-elements-af40885a503b3f4ef4262bae73bf8933\">Mais l\u2019homme, fragile et poussi\u00e8re anim\u00e9e,<\/p>\n\n\n\n<p class=\"has-palette-color-4-color has-text-color has-link-color wp-elements-2bdd6c6149168b2f4dd3911835534942\">Peut encore choisir de s\u2019abandonner.<\/p>\n\n\n\n<p class=\"has-palette-color-4-color has-text-color has-link-color wp-elements-8d2bbb80c67e89c8a17d234b3b381c72\">Dans ce simple aveu, tout l\u2019ab\u00eeme se ferme,<\/p>\n\n\n\n<p class=\"has-palette-color-4-color has-text-color has-link-color wp-elements-18bcfba4f270af3c2302d23ff505fead\">Et la gr\u00e2ce descend comme une eau qui d\u00e9sarme.<\/p>\n\n\n\n<p class=\"has-palette-color-4-color has-text-color has-link-color wp-elements-bdc42b9c491b71157bf9cf7bde477a66\">Heureux celui qui s\u2019abaisse sans peur,<\/p>\n\n\n\n<p class=\"has-palette-color-4-color has-text-color has-link-color wp-elements-294c41f56826a294eb17e775ec064bee\">Car Dieu lui-m\u00eame se fait son \u00e9l\u00e9vateur.<\/p>\n\n\n\n<p>Heureux celui qui renonce \u00e0 se suffire,<\/p>\n\n\n\n<p>Car il d\u00e9couvrira ce que Dieu veut lui dire.<\/p>\n\n\n\n<p>Car au bout du chemin, ce n\u2019est pas l\u2019orgueil qui triomphe,<\/p>\n\n\n\n<p>Mais l\u2019amour humble qui transforme et qui rompt<\/p>\n\n\n\n<p>Les cha\u00eenes invisibles de l\u2019illusion premi\u00e8re \u2014<\/p>\n\n\n\n<p>Et ouvre \u00e0 la joie qui ne finit pas, mais \u00e9claire.<\/p>\n","protected":false},"excerpt":{"rendered":"<p>Avant le temps, avant la poussi\u00e8re des chemins, Dans l\u2019\u00e9clat pur o\u00f9 tout n\u2019\u00e9tait que feu divin, Un ange se dressa \u2014 lumi\u00e8re parmi les lumi\u00e8res, Splendeur cr\u00e9\u00e9e pour refl\u00e9ter la gloire du P\u00e8re. Il voyait, il savait, il br\u00fblait de clart\u00e9, Mais dans ce feu naquit une autre volont\u00e9 : Non plus recevoir, mais [&hellip;]<\/p>\n","protected":false},"author":6,"featured_media":1370,"comment_status":"open","ping_status":"open","sticky":false,"template":"elementor_theme","format":"standard","meta":{"_jetpack_memberships_contains_paid_content":false,"footnotes":""},"categories":[30],"tags":[],"class_list":["post-1369","post","type-post","status-publish","format-standard","has-post-thumbnail","hentry","category-poesie"],"blocksy_meta":[],"yoast_head":"<!-- This site is optimized with the Yoast SEO plugin v26.0 - https:\/\/yoast.com\/wordpress\/plugins\/seo\/ -->\n<title>L\u2019ab\u00eeme et la porte \u00e9troite - Academia Mentoris<\/title>\n<meta name=\"robots\" content=\"index, follow, max-snippet:-1, max-image-preview:large, max-video-preview:-1\" \/>\n<link rel=\"canonical\" href=\"https:\/\/www.academia-mentoris.com\/?p=1369\" \/>\n<meta property=\"og:locale\" content=\"fr_FR\" \/>\n<meta property=\"og:type\" content=\"article\" \/>\n<meta property=\"og:title\" content=\"L\u2019ab\u00eeme et la porte \u00e9troite - Academia Mentoris\" \/>\n<meta property=\"og:description\" content=\"Avant le temps, avant la poussi\u00e8re des chemins, Dans l\u2019\u00e9clat pur o\u00f9 tout n\u2019\u00e9tait que feu divin, Un ange se dressa \u2014 lumi\u00e8re parmi les lumi\u00e8res, Splendeur cr\u00e9\u00e9e pour refl\u00e9ter la gloire du P\u00e8re. Il voyait, il savait, il br\u00fblait de clart\u00e9, Mais dans ce feu naquit une autre volont\u00e9 : Non plus recevoir, mais [&hellip;]\" \/>\n<meta property=\"og:url\" content=\"https:\/\/www.academia-mentoris.com\/?p=1369\" \/>\n<meta property=\"og:site_name\" content=\"Academia Mentoris\" \/>\n<meta property=\"article:published_time\" content=\"2026-05-01T19:57:13+00:00\" \/>\n<meta property=\"article:modified_time\" content=\"2026-05-01T19:57:17+00:00\" \/>\n<meta property=\"og:image\" content=\"https:\/\/www.academia-mentoris.com\/wp-content\/uploads\/2026\/05\/WhatsApp-Image-2026-05-0t-17.34.45.jpeg\" \/>\n\t<meta property=\"og:image:width\" content=\"432\" \/>\n\t<meta property=\"og:image:height\" content=\"566\" \/>\n\t<meta property=\"og:image:type\" content=\"image\/jpeg\" \/>\n<meta name=\"author\" content=\"Maronga Justin Mo\u00efse, Contributeur Academia Mentoris\" \/>\n<meta name=\"twitter:card\" content=\"summary_large_image\" \/>\n<meta name=\"twitter:label1\" content=\"\u00c9crit par\" \/>\n\t<meta name=\"twitter:data1\" content=\"Maronga Justin Mo\u00efse, Contributeur Academia Mentoris\" \/>\n\t<meta name=\"twitter:label2\" content=\"Dur\u00e9e de lecture estim\u00e9e\" \/>\n\t<meta name=\"twitter:data2\" content=\"4 minutes\" \/>\n<script type=\"application\/ld+json\" class=\"yoast-schema-graph\">{\"@context\":\"https:\/\/schema.org\",\"@graph\":[{\"@type\":\"Article\",\"@id\":\"https:\/\/www.academia-mentoris.com\/?p=1369#article\",\"isPartOf\":{\"@id\":\"https:\/\/www.academia-mentoris.com\/?p=1369\"},\"author\":{\"name\":\"Maronga Justin Mo\u00efse, Contributeur Academia Mentoris\",\"@id\":\"https:\/\/www.academia-mentoris.com\/#\/schema\/person\/83b3e20c30b03bf64bcf878ea63219b0\"},\"headline\":\"L\u2019ab\u00eeme et la porte \u00e9troite\",\"datePublished\":\"2026-05-01T19:57:13+00:00\",\"dateModified\":\"2026-05-01T19:57:17+00:00\",\"mainEntityOfPage\":{\"@id\":\"https:\/\/www.academia-mentoris.com\/?p=1369\"},\"wordCount\":757,\"commentCount\":0,\"publisher\":{\"@id\":\"https:\/\/www.academia-mentoris.com\/#organization\"},\"image\":{\"@id\":\"https:\/\/www.academia-mentoris.com\/?p=1369#primaryimage\"},\"thumbnailUrl\":\"https:\/\/www.academia-mentoris.com\/wp-content\/uploads\/2026\/05\/WhatsApp-Image-2026-05-0t-17.34.45.jpeg\",\"articleSection\":[\"Po\u00e9sie\"],\"inLanguage\":\"fr-FR\",\"potentialAction\":[{\"@type\":\"CommentAction\",\"name\":\"Comment\",\"target\":[\"https:\/\/www.academia-mentoris.com\/?p=1369#respond\"]}]},{\"@type\":\"WebPage\",\"@id\":\"https:\/\/www.academia-mentoris.com\/?p=1369\",\"url\":\"https:\/\/www.academia-mentoris.com\/?p=1369\",\"name\":\"L\u2019ab\u00eeme et la porte \u00e9troite - Academia Mentoris\",\"isPartOf\":{\"@id\":\"https:\/\/www.academia-mentoris.com\/#website\"},\"primaryImageOfPage\":{\"@id\":\"https:\/\/www.academia-mentoris.com\/?p=1369#primaryimage\"},\"image\":{\"@id\":\"https:\/\/www.academia-mentoris.com\/?p=1369#primaryimage\"},\"thumbnailUrl\":\"https:\/\/www.academia-mentoris.com\/wp-content\/uploads\/2026\/05\/WhatsApp-Image-2026-05-0t-17.34.45.jpeg\",\"datePublished\":\"2026-05-01T19:57:13+00:00\",\"dateModified\":\"2026-05-01T19:57:17+00:00\",\"breadcrumb\":{\"@id\":\"https:\/\/www.academia-mentoris.com\/?p=1369#breadcrumb\"},\"inLanguage\":\"fr-FR\",\"potentialAction\":[{\"@type\":\"ReadAction\",\"target\":[\"https:\/\/www.academia-mentoris.com\/?p=1369\"]}]},{\"@type\":\"ImageObject\",\"inLanguage\":\"fr-FR\",\"@id\":\"https:\/\/www.academia-mentoris.com\/?p=1369#primaryimage\",\"url\":\"https:\/\/www.academia-mentoris.com\/wp-content\/uploads\/2026\/05\/WhatsApp-Image-2026-05-0t-17.34.45.jpeg\",\"contentUrl\":\"https:\/\/www.academia-mentoris.com\/wp-content\/uploads\/2026\/05\/WhatsApp-Image-2026-05-0t-17.34.45.jpeg\",\"width\":432,\"height\":566},{\"@type\":\"BreadcrumbList\",\"@id\":\"https:\/\/www.academia-mentoris.com\/?p=1369#breadcrumb\",\"itemListElement\":[{\"@type\":\"ListItem\",\"position\":1,\"name\":\"Home\",\"item\":\"https:\/\/www.academia-mentoris.com\/\"},{\"@type\":\"ListItem\",\"position\":2,\"name\":\"L\u2019ab\u00eeme et la porte \u00e9troite\"}]},{\"@type\":\"WebSite\",\"@id\":\"https:\/\/www.academia-mentoris.com\/#website\",\"url\":\"https:\/\/www.academia-mentoris.com\/\",\"name\":\"Academia Mentoris\",\"description\":\"Le laboratoire du verbe\",\"publisher\":{\"@id\":\"https:\/\/www.academia-mentoris.com\/#organization\"},\"potentialAction\":[{\"@type\":\"SearchAction\",\"target\":{\"@type\":\"EntryPoint\",\"urlTemplate\":\"https:\/\/www.academia-mentoris.com\/?s={search_term_string}\"},\"query-input\":{\"@type\":\"PropertyValueSpecification\",\"valueRequired\":true,\"valueName\":\"search_term_string\"}}],\"inLanguage\":\"fr-FR\"},{\"@type\":\"Organization\",\"@id\":\"https:\/\/www.academia-mentoris.com\/#organization\",\"name\":\"Academia Mentoris\",\"url\":\"https:\/\/www.academia-mentoris.com\/\",\"logo\":{\"@type\":\"ImageObject\",\"inLanguage\":\"fr-FR\",\"@id\":\"https:\/\/www.academia-mentoris.com\/#\/schema\/logo\/image\/\",\"url\":\"https:\/\/www.academia-mentoris.com\/wp-content\/uploads\/2025\/09\/logo-acabien.jpg\",\"contentUrl\":\"https:\/\/www.academia-mentoris.com\/wp-content\/uploads\/2025\/09\/logo-acabien.jpg\",\"width\":1013,\"height\":298,\"caption\":\"Academia Mentoris\"},\"image\":{\"@id\":\"https:\/\/www.academia-mentoris.com\/#\/schema\/logo\/image\/\"}},{\"@type\":\"Person\",\"@id\":\"https:\/\/www.academia-mentoris.com\/#\/schema\/person\/83b3e20c30b03bf64bcf878ea63219b0\",\"name\":\"Maronga Justin Mo\u00efse, Contributeur Academia Mentoris\",\"image\":{\"@type\":\"ImageObject\",\"inLanguage\":\"fr-FR\",\"@id\":\"https:\/\/www.academia-mentoris.com\/#\/schema\/person\/image\/\",\"url\":\"https:\/\/www.academia-mentoris.com\/wp-content\/uploads\/2025\/10\/maronga-96x96.jpg\",\"contentUrl\":\"https:\/\/www.academia-mentoris.com\/wp-content\/uploads\/2025\/10\/maronga-96x96.jpg\",\"caption\":\"Maronga Justin Mo\u00efse, Contributeur Academia Mentoris\"},\"url\":\"https:\/\/www.academia-mentoris.com\/?author=6\"}]}<\/script>\n<!-- \/ Yoast SEO plugin. -->","yoast_head_json":{"title":"L\u2019ab\u00eeme et la porte \u00e9troite - Academia Mentoris","robots":{"index":"index","follow":"follow","max-snippet":"max-snippet:-1","max-image-preview":"max-image-preview:large","max-video-preview":"max-video-preview:-1"},"canonical":"https:\/\/www.academia-mentoris.com\/?p=1369","og_locale":"fr_FR","og_type":"article","og_title":"L\u2019ab\u00eeme et la porte \u00e9troite - Academia Mentoris","og_description":"Avant le temps, avant la poussi\u00e8re des chemins, Dans l\u2019\u00e9clat pur o\u00f9 tout n\u2019\u00e9tait que feu divin, Un ange se dressa \u2014 lumi\u00e8re parmi les lumi\u00e8res, Splendeur cr\u00e9\u00e9e pour refl\u00e9ter la gloire du P\u00e8re. Il voyait, il savait, il br\u00fblait de clart\u00e9, Mais dans ce feu naquit une autre volont\u00e9 : Non plus recevoir, mais [&hellip;]","og_url":"https:\/\/www.academia-mentoris.com\/?p=1369","og_site_name":"Academia Mentoris","article_published_time":"2026-05-01T19:57:13+00:00","article_modified_time":"2026-05-01T19:57:17+00:00","og_image":[{"width":432,"height":566,"url":"https:\/\/www.academia-mentoris.com\/wp-content\/uploads\/2026\/05\/WhatsApp-Image-2026-05-0t-17.34.45.jpeg","type":"image\/jpeg"}],"author":"Maronga Justin Mo\u00efse, Contributeur Academia Mentoris","twitter_card":"summary_large_image","twitter_misc":{"\u00c9crit par":"Maronga Justin Mo\u00efse, Contributeur Academia Mentoris","Dur\u00e9e de lecture estim\u00e9e":"4 minutes"},"schema":{"@context":"https:\/\/schema.org","@graph":[{"@type":"Article","@id":"https:\/\/www.academia-mentoris.com\/?p=1369#article","isPartOf":{"@id":"https:\/\/www.academia-mentoris.com\/?p=1369"},"author":{"name":"Maronga Justin Mo\u00efse, Contributeur Academia Mentoris","@id":"https:\/\/www.academia-mentoris.com\/#\/schema\/person\/83b3e20c30b03bf64bcf878ea63219b0"},"headline":"L\u2019ab\u00eeme et la porte \u00e9troite","datePublished":"2026-05-01T19:57:13+00:00","dateModified":"2026-05-01T19:57:17+00:00","mainEntityOfPage":{"@id":"https:\/\/www.academia-mentoris.com\/?p=1369"},"wordCount":757,"commentCount":0,"publisher":{"@id":"https:\/\/www.academia-mentoris.com\/#organization"},"image":{"@id":"https:\/\/www.academia-mentoris.com\/?p=1369#primaryimage"},"thumbnailUrl":"https:\/\/www.academia-mentoris.com\/wp-content\/uploads\/2026\/05\/WhatsApp-Image-2026-05-0t-17.34.45.jpeg","articleSection":["Po\u00e9sie"],"inLanguage":"fr-FR","potentialAction":[{"@type":"CommentAction","name":"Comment","target":["https:\/\/www.academia-mentoris.com\/?p=1369#respond"]}]},{"@type":"WebPage","@id":"https:\/\/www.academia-mentoris.com\/?p=1369","url":"https:\/\/www.academia-mentoris.com\/?p=1369","name":"L\u2019ab\u00eeme et la porte \u00e9troite - Academia Mentoris","isPartOf":{"@id":"https:\/\/www.academia-mentoris.com\/#website"},"primaryImageOfPage":{"@id":"https:\/\/www.academia-mentoris.com\/?p=1369#primaryimage"},"image":{"@id":"https:\/\/www.academia-mentoris.com\/?p=1369#primaryimage"},"thumbnailUrl":"https:\/\/www.academia-mentoris.com\/wp-content\/uploads\/2026\/05\/WhatsApp-Image-2026-05-0t-17.34.45.jpeg","datePublished":"2026-05-01T19:57:13+00:00","dateModified":"2026-05-01T19:57:17+00:00","breadcrumb":{"@id":"https:\/\/www.academia-mentoris.com\/?p=1369#breadcrumb"},"inLanguage":"fr-FR","potentialAction":[{"@type":"ReadAction","target":["https:\/\/www.academia-mentoris.com\/?p=1369"]}]},{"@type":"ImageObject","inLanguage":"fr-FR","@id":"https:\/\/www.academia-mentoris.com\/?p=1369#primaryimage","url":"https:\/\/www.academia-mentoris.com\/wp-content\/uploads\/2026\/05\/WhatsApp-Image-2026-05-0t-17.34.45.jpeg","contentUrl":"https:\/\/www.academia-mentoris.com\/wp-content\/uploads\/2026\/05\/WhatsApp-Image-2026-05-0t-17.34.45.jpeg","width":432,"height":566},{"@type":"BreadcrumbList","@id":"https:\/\/www.academia-mentoris.com\/?p=1369#breadcrumb","itemListElement":[{"@type":"ListItem","position":1,"name":"Home","item":"https:\/\/www.academia-mentoris.com\/"},{"@type":"ListItem","position":2,"name":"L\u2019ab\u00eeme et la porte \u00e9troite"}]},{"@type":"WebSite","@id":"https:\/\/www.academia-mentoris.com\/#website","url":"https:\/\/www.academia-mentoris.com\/","name":"Academia Mentoris","description":"Le laboratoire du verbe","publisher":{"@id":"https:\/\/www.academia-mentoris.com\/#organization"},"potentialAction":[{"@type":"SearchAction","target":{"@type":"EntryPoint","urlTemplate":"https:\/\/www.academia-mentoris.com\/?s={search_term_string}"},"query-input":{"@type":"PropertyValueSpecification","valueRequired":true,"valueName":"search_term_string"}}],"inLanguage":"fr-FR"},{"@type":"Organization","@id":"https:\/\/www.academia-mentoris.com\/#organization","name":"Academia Mentoris","url":"https:\/\/www.academia-mentoris.com\/","logo":{"@type":"ImageObject","inLanguage":"fr-FR","@id":"https:\/\/www.academia-mentoris.com\/#\/schema\/logo\/image\/","url":"https:\/\/www.academia-mentoris.com\/wp-content\/uploads\/2025\/09\/logo-acabien.jpg","contentUrl":"https:\/\/www.academia-mentoris.com\/wp-content\/uploads\/2025\/09\/logo-acabien.jpg","width":1013,"height":298,"caption":"Academia Mentoris"},"image":{"@id":"https:\/\/www.academia-mentoris.com\/#\/schema\/logo\/image\/"}},{"@type":"Person","@id":"https:\/\/www.academia-mentoris.com\/#\/schema\/person\/83b3e20c30b03bf64bcf878ea63219b0","name":"Maronga Justin Mo\u00efse, Contributeur Academia Mentoris","image":{"@type":"ImageObject","inLanguage":"fr-FR","@id":"https:\/\/www.academia-mentoris.com\/#\/schema\/person\/image\/","url":"https:\/\/www.academia-mentoris.com\/wp-content\/uploads\/2025\/10\/maronga-96x96.jpg","contentUrl":"https:\/\/www.academia-mentoris.com\/wp-content\/uploads\/2025\/10\/maronga-96x96.jpg","caption":"Maronga Justin Mo\u00efse, Contributeur Academia Mentoris"},"url":"https:\/\/www.academia-mentoris.com\/?author=6"}]}},"jetpack_featured_media_url":"https:\/\/www.academia-mentoris.com\/wp-content\/uploads\/2026\/05\/WhatsApp-Image-2026-05-0t-17.34.45.jpeg","jetpack_sharing_enabled":true,"_links":{"self":[{"href":"https:\/\/www.academia-mentoris.com\/index.php?rest_route=\/wp\/v2\/posts\/1369","targetHints":{"allow":["GET"]}}],"collection":[{"href":"https:\/\/www.academia-mentoris.com\/index.php?rest_route=\/wp\/v2\/posts"}],"about":[{"href":"https:\/\/www.academia-mentoris.com\/index.php?rest_route=\/wp\/v2\/types\/post"}],"author":[{"embeddable":true,"href":"https:\/\/www.academia-mentoris.com\/index.php?rest_route=\/wp\/v2\/users\/6"}],"replies":[{"embeddable":true,"href":"https:\/\/www.academia-mentoris.com\/index.php?rest_route=%2Fwp%2Fv2%2Fcomments&post=1369"}],"version-history":[{"count":1,"href":"https:\/\/www.academia-mentoris.com\/index.php?rest_route=\/wp\/v2\/posts\/1369\/revisions"}],"predecessor-version":[{"id":1371,"href":"https:\/\/www.academia-mentoris.com\/index.php?rest_route=\/wp\/v2\/posts\/1369\/revisions\/1371"}],"wp:featuredmedia":[{"embeddable":true,"href":"https:\/\/www.academia-mentoris.com\/index.php?rest_route=\/wp\/v2\/media\/1370"}],"wp:attachment":[{"href":"https:\/\/www.academia-mentoris.com\/index.php?rest_route=%2Fwp%2Fv2%2Fmedia&parent=1369"}],"wp:term":[{"taxonomy":"category","embeddable":true,"href":"https:\/\/www.academia-mentoris.com\/index.php?rest_route=%2Fwp%2Fv2%2Fcategories&post=1369"},{"taxonomy":"post_tag","embeddable":true,"href":"https:\/\/www.academia-mentoris.com\/index.php?rest_route=%2Fwp%2Fv2%2Ftags&post=1369"}],"curies":[{"name":"wp","href":"https:\/\/api.w.org\/{rel}","templated":true}]}}