{"id":1366,"date":"2026-05-01T21:47:52","date_gmt":"2026-05-01T19:47:52","guid":{"rendered":"https:\/\/www.academia-mentoris.com\/?p=1366"},"modified":"2026-05-01T21:47:55","modified_gmt":"2026-05-01T19:47:55","slug":"meditation-sur-le-peche-de-lorgueil","status":"publish","type":"post","link":"https:\/\/www.academia-mentoris.com\/?p=1366","title":{"rendered":"M\u00e9ditation sur le p\u00e9ch\u00e9 de l\u2019orgueil"},"content":{"rendered":"\n<p class=\"has-palette-color-4-color has-text-color has-link-color wp-elements-65ebea8f70906a1ee49c806715f4e5fc\">L\u2019orgueil est un p\u00e9ch\u00e9 discret. Il ne fait pas toujours de bruit, il ne se montre pas toujours ext\u00e9rieurement, et pourtant il touche le c\u0153ur en profondeur. Il commence souvent l\u00e0 o\u00f9 l\u2019on ne fait plus attention, dans cette zone int\u00e9rieure o\u00f9 l\u2019homme cesse peu \u00e0 peu de se recevoir de Dieu pour commencer \u00e0 se suffire \u00e0 lui-m\u00eame.<\/p>\n\n\n\n<p class=\"has-palette-color-4-color has-text-color has-link-color wp-elements-5c1498fb0e0e8112ea9cc054baa69069\">L\u2019orgueil, au fond, est un refus. Ce n\u2019est pas d\u2019abord un acte, mais une attitude du c\u0153ur. C\u2019est refuser d\u2019\u00eatre d\u00e9pendant, refuser de reconna\u00eetre que tout est don. L\u2019homme orgueilleux ne veut pas recevoir, parce que recevoir signifie reconna\u00eetre qu\u2019il n\u2019est pas la source de lui-m\u00eame. Et cela, l\u2019orgueil ne peut pas l\u2019accepter.<\/p>\n\n\n\n<p class=\"has-palette-color-4-color has-text-color has-link-color wp-elements-fd2a6806c52ec5ad640f9ab2576892a7\">C\u2019est ce m\u00eame mouvement int\u00e9rieur qui, d\u00e8s l\u2019origine, a conduit \u00e0 la chute. Un \u00eatre cr\u00e9\u00e9 dans la lumi\u00e8re a voulu exister par lui-m\u00eame. Non pas parce qu\u2019il ignorait Dieu, mais parce qu\u2019il ne voulait pas lui devoir ce qu\u2019il \u00e9tait. Et ce refus, devenu orgueil, l\u2019a enferm\u00e9 dans une solitude irr\u00e9versible. Depuis lors, ce m\u00eame mouvement traverse le c\u0153ur de l\u2019homme.<\/p>\n\n\n\n<p class=\"has-palette-color-4-color has-text-color has-link-color wp-elements-97e31d44298e34c79b34a7b210bfc8aa\">Dans notre vie quotidienne, l\u2019orgueil ne se manifeste pas toujours de mani\u00e8re \u00e9vidente. Il peut prendre des formes subtiles. Il peut se cacher dans le besoin d\u2019avoir raison, dans la difficult\u00e9 \u00e0 demander pardon, dans le refus d\u2019\u00eatre corrig\u00e9, dans le d\u00e9sir d\u2019\u00eatre reconnu ou admir\u00e9. Il peut m\u00eame se glisser dans la vie spirituelle, lorsque l\u2019on cherche \u00e0 \u00eatre juste par soi-m\u00eame plut\u00f4t que de se laisser sauver.<\/p>\n\n\n\n<p class=\"has-palette-color-4-color has-text-color has-link-color wp-elements-20eaacd2c638c3d71dbffd946415ed42\">Mais l\u2019orgueil a une cons\u00e9quence profonde : il ferme. Il ferme le c\u0153ur \u00e0 Dieu et aux autres. Celui qui se suffit \u00e0 lui-m\u00eame ne peut plus accueillir. Il ne peut plus recevoir la gr\u00e2ce, parce qu\u2019il ne ressent plus le besoin d\u2019\u00eatre aid\u00e9. Il ne peut plus recevoir le pardon, parce qu\u2019il ne reconna\u00eet plus sa faute. Il devient comme une terre ferm\u00e9e, sur laquelle la pluie ne peut plus p\u00e9n\u00e9trer.<\/p>\n\n\n\n<p class=\"has-palette-color-4-color has-text-color has-link-color wp-elements-2bc423c54973dae84dcbb9eef2835956\">Face \u00e0 cela, Dieu ne force pas. Il ne s\u2019impose pas. Il attend. Il regarde le c\u0153ur qui s\u2019ouvre, m\u00eame faiblement. Car ce qui attire Dieu, ce n\u2019est pas la perfection apparente, mais l\u2019humilit\u00e9 vraie. L\u2019humilit\u00e9 n\u2019est pas se rabaisser ou se m\u00e9priser. Elle est simplement la v\u00e9rit\u00e9 : reconna\u00eetre que tout vient de Dieu, que tout est gr\u00e2ce, que sans lui nous ne pouvons rien.<\/p>\n\n\n\n<p class=\"has-palette-color-4-color has-text-color has-link-color wp-elements-e2a66446e6d9699fbb8e77716d5551b3\">Un c\u0153ur humble est un c\u0153ur ouvert. Il n\u2019a pas besoin de para\u00eetre, il n\u2019a pas besoin de se d\u00e9fendre. Il accepte d\u2019\u00eatre pauvre, et c\u2019est pr\u00e9cis\u00e9ment pour cela qu\u2019il peut \u00eatre rempli. L\u00e0 o\u00f9 l\u2019orgueil construit une illusion de force, l\u2019humilit\u00e9 accueille la vraie force qui vient de Dieu.<\/p>\n\n\n\n<p class=\"has-palette-color-4-color has-text-color has-link-color wp-elements-4e86f675aac4421b67ae0a8217be3a7f\">Dans la liturgie, il y a une parole qui exprime parfaitement cette attitude int\u00e9rieure. Avant de recevoir le Corps du Christ, l\u2019\u00c9glise nous fait dire :<br>\u00ab Seigneur, je ne suis pas digne de te recevoir, mais dis seulement une parole, et je serai gu\u00e9ri. \u00bb<\/p>\n\n\n\n<p class=\"has-palette-color-4-color has-text-color has-link-color wp-elements-1705954cd8a55773d17d975a23df7312\">Cette parole est essentielle. Elle met l\u2019\u00e2me dans la v\u00e9rit\u00e9. Elle ne nie pas la dignit\u00e9 de l\u2019homme, mais elle reconna\u00eet que cette dignit\u00e9 ne vient pas de lui-m\u00eame. Elle exprime \u00e0 la fois l\u2019humilit\u00e9 et la confiance : humilit\u00e9, parce que je reconnais que je ne suis pas digne ; confiance, parce que je crois que Dieu peut me gu\u00e9rir.<\/p>\n\n\n\n<p class=\"has-palette-color-4-color has-text-color has-link-color wp-elements-309246b5f92d4ef9fdabd9bac5b73d5f\">L\u2019orgueil ne peut pas prononcer cette parole sinc\u00e8rement. Il ne peut pas dire \u00ab je ne suis pas digne \u00bb, parce qu\u2019il refuse de reconna\u00eetre son besoin. Mais celui qui entre dans cette parole ouvre son c\u0153ur \u00e0 la gr\u00e2ce. Et l\u00e0, quelque chose change profond\u00e9ment : ce n\u2019est plus l\u2019homme qui cherche \u00e0 s\u2019\u00e9lever, c\u2019est Dieu qui vient le relever.<\/p>\n\n\n\n<p class=\"has-palette-color-4-color has-text-color has-link-color wp-elements-234071278b3a4eb6d3f509b8590fa8b5\">La vie spirituelle se joue souvent dans ce choix int\u00e9rieur, discret mais d\u00e9cisif. Se fermer ou s\u2019ouvrir. Se justifier ou se laisser justifier. Se suffire ou recevoir.<\/p>\n\n\n\n<p class=\"has-palette-color-4-color has-text-color has-link-color wp-elements-356471b60325ce86817de54e95e67797\">L\u2019orgueil promet une forme de grandeur, mais il isole. L\u2019humilit\u00e9 accepte la petitesse, mais elle unit \u00e0 Dieu. Et c\u2019est dans cette union que l\u2019homme trouve sa vraie grandeur.<\/p>\n\n\n\n<p class=\"has-palette-color-4-color has-text-color has-link-color wp-elements-9b89598745f07c506b0279b69a5b9bf6\">Ainsi, chaque jour, il nous est donn\u00e9 de choisir. Non pas dans de grands gestes, mais dans des attitudes simples : accepter une correction, demander pardon, reconna\u00eetre ses limites, se tourner vers Dieu avec confiance.<\/p>\n\n\n\n<p>Car c\u2019est dans ces petits actes d\u2019humilit\u00e9 que le c\u0153ur se transforme. Et peu \u00e0 peu, l\u00e0 o\u00f9 l\u2019orgueil avait ferm\u00e9, la gr\u00e2ce ouvre.<\/p>\n\n\n\n<p><\/p>\n","protected":false},"excerpt":{"rendered":"<p>L\u2019orgueil est un p\u00e9ch\u00e9 discret. Il ne fait pas toujours de bruit, il ne se montre pas toujours ext\u00e9rieurement, et pourtant il touche le c\u0153ur en profondeur. Il commence souvent l\u00e0 o\u00f9 l\u2019on ne fait plus attention, dans cette zone int\u00e9rieure o\u00f9 l\u2019homme cesse peu \u00e0 peu de se recevoir de Dieu pour commencer \u00e0 [&hellip;]<\/p>\n","protected":false},"author":6,"featured_media":1367,"comment_status":"open","ping_status":"open","sticky":false,"template":"elementor_theme","format":"standard","meta":{"_jetpack_memberships_contains_paid_content":false,"footnotes":""},"categories":[36],"tags":[],"class_list":["post-1366","post","type-post","status-publish","format-standard","has-post-thumbnail","hentry","category-reflexions"],"blocksy_meta":[],"yoast_head":"<!-- This site is optimized with the Yoast SEO plugin v26.0 - https:\/\/yoast.com\/wordpress\/plugins\/seo\/ -->\n<title>M\u00e9ditation sur le p\u00e9ch\u00e9 de l\u2019orgueil - Academia Mentoris<\/title>\n<meta name=\"robots\" content=\"index, follow, max-snippet:-1, max-image-preview:large, max-video-preview:-1\" \/>\n<link rel=\"canonical\" href=\"https:\/\/www.academia-mentoris.com\/?p=1366\" \/>\n<meta property=\"og:locale\" content=\"fr_FR\" \/>\n<meta property=\"og:type\" content=\"article\" \/>\n<meta property=\"og:title\" content=\"M\u00e9ditation sur le p\u00e9ch\u00e9 de l\u2019orgueil - Academia Mentoris\" \/>\n<meta property=\"og:description\" content=\"L\u2019orgueil est un p\u00e9ch\u00e9 discret. Il ne fait pas toujours de bruit, il ne se montre pas toujours ext\u00e9rieurement, et pourtant il touche le c\u0153ur en profondeur. Il commence souvent l\u00e0 o\u00f9 l\u2019on ne fait plus attention, dans cette zone int\u00e9rieure o\u00f9 l\u2019homme cesse peu \u00e0 peu de se recevoir de Dieu pour commencer \u00e0 [&hellip;]\" \/>\n<meta property=\"og:url\" content=\"https:\/\/www.academia-mentoris.com\/?p=1366\" \/>\n<meta property=\"og:site_name\" content=\"Academia Mentoris\" \/>\n<meta property=\"article:published_time\" content=\"2026-05-01T19:47:52+00:00\" \/>\n<meta property=\"article:modified_time\" content=\"2026-05-01T19:47:55+00:00\" \/>\n<meta property=\"og:image\" content=\"https:\/\/www.academia-mentoris.com\/wp-content\/uploads\/2026\/05\/WhatsApp-Image-2026-05-01-at-17.34.44.jpeg\" \/>\n\t<meta property=\"og:image:width\" content=\"396\" \/>\n\t<meta property=\"og:image:height\" content=\"437\" \/>\n\t<meta property=\"og:image:type\" content=\"image\/jpeg\" \/>\n<meta name=\"author\" content=\"Maronga Justin Mo\u00efse, Contributeur Academia Mentoris\" \/>\n<meta name=\"twitter:card\" content=\"summary_large_image\" \/>\n<meta name=\"twitter:label1\" content=\"\u00c9crit par\" \/>\n\t<meta name=\"twitter:data1\" content=\"Maronga Justin Mo\u00efse, Contributeur Academia Mentoris\" \/>\n\t<meta name=\"twitter:label2\" content=\"Dur\u00e9e de lecture estim\u00e9e\" \/>\n\t<meta name=\"twitter:data2\" content=\"4 minutes\" \/>\n<script type=\"application\/ld+json\" class=\"yoast-schema-graph\">{\"@context\":\"https:\/\/schema.org\",\"@graph\":[{\"@type\":\"Article\",\"@id\":\"https:\/\/www.academia-mentoris.com\/?p=1366#article\",\"isPartOf\":{\"@id\":\"https:\/\/www.academia-mentoris.com\/?p=1366\"},\"author\":{\"name\":\"Maronga Justin Mo\u00efse, Contributeur Academia Mentoris\",\"@id\":\"https:\/\/www.academia-mentoris.com\/#\/schema\/person\/83b3e20c30b03bf64bcf878ea63219b0\"},\"headline\":\"M\u00e9ditation sur le p\u00e9ch\u00e9 de l\u2019orgueil\",\"datePublished\":\"2026-05-01T19:47:52+00:00\",\"dateModified\":\"2026-05-01T19:47:55+00:00\",\"mainEntityOfPage\":{\"@id\":\"https:\/\/www.academia-mentoris.com\/?p=1366\"},\"wordCount\":817,\"commentCount\":0,\"publisher\":{\"@id\":\"https:\/\/www.academia-mentoris.com\/#organization\"},\"image\":{\"@id\":\"https:\/\/www.academia-mentoris.com\/?p=1366#primaryimage\"},\"thumbnailUrl\":\"https:\/\/www.academia-mentoris.com\/wp-content\/uploads\/2026\/05\/WhatsApp-Image-2026-05-01-at-17.34.44.jpeg\",\"articleSection\":[\"R\u00e9flexions\"],\"inLanguage\":\"fr-FR\",\"potentialAction\":[{\"@type\":\"CommentAction\",\"name\":\"Comment\",\"target\":[\"https:\/\/www.academia-mentoris.com\/?p=1366#respond\"]}]},{\"@type\":\"WebPage\",\"@id\":\"https:\/\/www.academia-mentoris.com\/?p=1366\",\"url\":\"https:\/\/www.academia-mentoris.com\/?p=1366\",\"name\":\"M\u00e9ditation sur le p\u00e9ch\u00e9 de l\u2019orgueil - Academia Mentoris\",\"isPartOf\":{\"@id\":\"https:\/\/www.academia-mentoris.com\/#website\"},\"primaryImageOfPage\":{\"@id\":\"https:\/\/www.academia-mentoris.com\/?p=1366#primaryimage\"},\"image\":{\"@id\":\"https:\/\/www.academia-mentoris.com\/?p=1366#primaryimage\"},\"thumbnailUrl\":\"https:\/\/www.academia-mentoris.com\/wp-content\/uploads\/2026\/05\/WhatsApp-Image-2026-05-01-at-17.34.44.jpeg\",\"datePublished\":\"2026-05-01T19:47:52+00:00\",\"dateModified\":\"2026-05-01T19:47:55+00:00\",\"breadcrumb\":{\"@id\":\"https:\/\/www.academia-mentoris.com\/?p=1366#breadcrumb\"},\"inLanguage\":\"fr-FR\",\"potentialAction\":[{\"@type\":\"ReadAction\",\"target\":[\"https:\/\/www.academia-mentoris.com\/?p=1366\"]}]},{\"@type\":\"ImageObject\",\"inLanguage\":\"fr-FR\",\"@id\":\"https:\/\/www.academia-mentoris.com\/?p=1366#primaryimage\",\"url\":\"https:\/\/www.academia-mentoris.com\/wp-content\/uploads\/2026\/05\/WhatsApp-Image-2026-05-01-at-17.34.44.jpeg\",\"contentUrl\":\"https:\/\/www.academia-mentoris.com\/wp-content\/uploads\/2026\/05\/WhatsApp-Image-2026-05-01-at-17.34.44.jpeg\",\"width\":396,\"height\":437},{\"@type\":\"BreadcrumbList\",\"@id\":\"https:\/\/www.academia-mentoris.com\/?p=1366#breadcrumb\",\"itemListElement\":[{\"@type\":\"ListItem\",\"position\":1,\"name\":\"Home\",\"item\":\"https:\/\/www.academia-mentoris.com\/\"},{\"@type\":\"ListItem\",\"position\":2,\"name\":\"M\u00e9ditation sur le p\u00e9ch\u00e9 de l\u2019orgueil\"}]},{\"@type\":\"WebSite\",\"@id\":\"https:\/\/www.academia-mentoris.com\/#website\",\"url\":\"https:\/\/www.academia-mentoris.com\/\",\"name\":\"Academia Mentoris\",\"description\":\"Le laboratoire du verbe\",\"publisher\":{\"@id\":\"https:\/\/www.academia-mentoris.com\/#organization\"},\"potentialAction\":[{\"@type\":\"SearchAction\",\"target\":{\"@type\":\"EntryPoint\",\"urlTemplate\":\"https:\/\/www.academia-mentoris.com\/?s={search_term_string}\"},\"query-input\":{\"@type\":\"PropertyValueSpecification\",\"valueRequired\":true,\"valueName\":\"search_term_string\"}}],\"inLanguage\":\"fr-FR\"},{\"@type\":\"Organization\",\"@id\":\"https:\/\/www.academia-mentoris.com\/#organization\",\"name\":\"Academia Mentoris\",\"url\":\"https:\/\/www.academia-mentoris.com\/\",\"logo\":{\"@type\":\"ImageObject\",\"inLanguage\":\"fr-FR\",\"@id\":\"https:\/\/www.academia-mentoris.com\/#\/schema\/logo\/image\/\",\"url\":\"https:\/\/www.academia-mentoris.com\/wp-content\/uploads\/2025\/09\/logo-acabien.jpg\",\"contentUrl\":\"https:\/\/www.academia-mentoris.com\/wp-content\/uploads\/2025\/09\/logo-acabien.jpg\",\"width\":1013,\"height\":298,\"caption\":\"Academia Mentoris\"},\"image\":{\"@id\":\"https:\/\/www.academia-mentoris.com\/#\/schema\/logo\/image\/\"}},{\"@type\":\"Person\",\"@id\":\"https:\/\/www.academia-mentoris.com\/#\/schema\/person\/83b3e20c30b03bf64bcf878ea63219b0\",\"name\":\"Maronga Justin Mo\u00efse, Contributeur Academia Mentoris\",\"image\":{\"@type\":\"ImageObject\",\"inLanguage\":\"fr-FR\",\"@id\":\"https:\/\/www.academia-mentoris.com\/#\/schema\/person\/image\/\",\"url\":\"https:\/\/www.academia-mentoris.com\/wp-content\/uploads\/2025\/10\/maronga-96x96.jpg\",\"contentUrl\":\"https:\/\/www.academia-mentoris.com\/wp-content\/uploads\/2025\/10\/maronga-96x96.jpg\",\"caption\":\"Maronga Justin Mo\u00efse, Contributeur Academia Mentoris\"},\"url\":\"https:\/\/www.academia-mentoris.com\/?author=6\"}]}<\/script>\n<!-- \/ Yoast SEO plugin. -->","yoast_head_json":{"title":"M\u00e9ditation sur le p\u00e9ch\u00e9 de l\u2019orgueil - Academia Mentoris","robots":{"index":"index","follow":"follow","max-snippet":"max-snippet:-1","max-image-preview":"max-image-preview:large","max-video-preview":"max-video-preview:-1"},"canonical":"https:\/\/www.academia-mentoris.com\/?p=1366","og_locale":"fr_FR","og_type":"article","og_title":"M\u00e9ditation sur le p\u00e9ch\u00e9 de l\u2019orgueil - Academia Mentoris","og_description":"L\u2019orgueil est un p\u00e9ch\u00e9 discret. Il ne fait pas toujours de bruit, il ne se montre pas toujours ext\u00e9rieurement, et pourtant il touche le c\u0153ur en profondeur. Il commence souvent l\u00e0 o\u00f9 l\u2019on ne fait plus attention, dans cette zone int\u00e9rieure o\u00f9 l\u2019homme cesse peu \u00e0 peu de se recevoir de Dieu pour commencer \u00e0 [&hellip;]","og_url":"https:\/\/www.academia-mentoris.com\/?p=1366","og_site_name":"Academia Mentoris","article_published_time":"2026-05-01T19:47:52+00:00","article_modified_time":"2026-05-01T19:47:55+00:00","og_image":[{"width":396,"height":437,"url":"https:\/\/www.academia-mentoris.com\/wp-content\/uploads\/2026\/05\/WhatsApp-Image-2026-05-01-at-17.34.44.jpeg","type":"image\/jpeg"}],"author":"Maronga Justin Mo\u00efse, Contributeur Academia Mentoris","twitter_card":"summary_large_image","twitter_misc":{"\u00c9crit par":"Maronga Justin Mo\u00efse, Contributeur Academia Mentoris","Dur\u00e9e de lecture estim\u00e9e":"4 minutes"},"schema":{"@context":"https:\/\/schema.org","@graph":[{"@type":"Article","@id":"https:\/\/www.academia-mentoris.com\/?p=1366#article","isPartOf":{"@id":"https:\/\/www.academia-mentoris.com\/?p=1366"},"author":{"name":"Maronga Justin Mo\u00efse, Contributeur Academia Mentoris","@id":"https:\/\/www.academia-mentoris.com\/#\/schema\/person\/83b3e20c30b03bf64bcf878ea63219b0"},"headline":"M\u00e9ditation sur le p\u00e9ch\u00e9 de l\u2019orgueil","datePublished":"2026-05-01T19:47:52+00:00","dateModified":"2026-05-01T19:47:55+00:00","mainEntityOfPage":{"@id":"https:\/\/www.academia-mentoris.com\/?p=1366"},"wordCount":817,"commentCount":0,"publisher":{"@id":"https:\/\/www.academia-mentoris.com\/#organization"},"image":{"@id":"https:\/\/www.academia-mentoris.com\/?p=1366#primaryimage"},"thumbnailUrl":"https:\/\/www.academia-mentoris.com\/wp-content\/uploads\/2026\/05\/WhatsApp-Image-2026-05-01-at-17.34.44.jpeg","articleSection":["R\u00e9flexions"],"inLanguage":"fr-FR","potentialAction":[{"@type":"CommentAction","name":"Comment","target":["https:\/\/www.academia-mentoris.com\/?p=1366#respond"]}]},{"@type":"WebPage","@id":"https:\/\/www.academia-mentoris.com\/?p=1366","url":"https:\/\/www.academia-mentoris.com\/?p=1366","name":"M\u00e9ditation sur le p\u00e9ch\u00e9 de l\u2019orgueil - Academia Mentoris","isPartOf":{"@id":"https:\/\/www.academia-mentoris.com\/#website"},"primaryImageOfPage":{"@id":"https:\/\/www.academia-mentoris.com\/?p=1366#primaryimage"},"image":{"@id":"https:\/\/www.academia-mentoris.com\/?p=1366#primaryimage"},"thumbnailUrl":"https:\/\/www.academia-mentoris.com\/wp-content\/uploads\/2026\/05\/WhatsApp-Image-2026-05-01-at-17.34.44.jpeg","datePublished":"2026-05-01T19:47:52+00:00","dateModified":"2026-05-01T19:47:55+00:00","breadcrumb":{"@id":"https:\/\/www.academia-mentoris.com\/?p=1366#breadcrumb"},"inLanguage":"fr-FR","potentialAction":[{"@type":"ReadAction","target":["https:\/\/www.academia-mentoris.com\/?p=1366"]}]},{"@type":"ImageObject","inLanguage":"fr-FR","@id":"https:\/\/www.academia-mentoris.com\/?p=1366#primaryimage","url":"https:\/\/www.academia-mentoris.com\/wp-content\/uploads\/2026\/05\/WhatsApp-Image-2026-05-01-at-17.34.44.jpeg","contentUrl":"https:\/\/www.academia-mentoris.com\/wp-content\/uploads\/2026\/05\/WhatsApp-Image-2026-05-01-at-17.34.44.jpeg","width":396,"height":437},{"@type":"BreadcrumbList","@id":"https:\/\/www.academia-mentoris.com\/?p=1366#breadcrumb","itemListElement":[{"@type":"ListItem","position":1,"name":"Home","item":"https:\/\/www.academia-mentoris.com\/"},{"@type":"ListItem","position":2,"name":"M\u00e9ditation sur le p\u00e9ch\u00e9 de l\u2019orgueil"}]},{"@type":"WebSite","@id":"https:\/\/www.academia-mentoris.com\/#website","url":"https:\/\/www.academia-mentoris.com\/","name":"Academia Mentoris","description":"Le laboratoire du verbe","publisher":{"@id":"https:\/\/www.academia-mentoris.com\/#organization"},"potentialAction":[{"@type":"SearchAction","target":{"@type":"EntryPoint","urlTemplate":"https:\/\/www.academia-mentoris.com\/?s={search_term_string}"},"query-input":{"@type":"PropertyValueSpecification","valueRequired":true,"valueName":"search_term_string"}}],"inLanguage":"fr-FR"},{"@type":"Organization","@id":"https:\/\/www.academia-mentoris.com\/#organization","name":"Academia Mentoris","url":"https:\/\/www.academia-mentoris.com\/","logo":{"@type":"ImageObject","inLanguage":"fr-FR","@id":"https:\/\/www.academia-mentoris.com\/#\/schema\/logo\/image\/","url":"https:\/\/www.academia-mentoris.com\/wp-content\/uploads\/2025\/09\/logo-acabien.jpg","contentUrl":"https:\/\/www.academia-mentoris.com\/wp-content\/uploads\/2025\/09\/logo-acabien.jpg","width":1013,"height":298,"caption":"Academia Mentoris"},"image":{"@id":"https:\/\/www.academia-mentoris.com\/#\/schema\/logo\/image\/"}},{"@type":"Person","@id":"https:\/\/www.academia-mentoris.com\/#\/schema\/person\/83b3e20c30b03bf64bcf878ea63219b0","name":"Maronga Justin Mo\u00efse, Contributeur Academia Mentoris","image":{"@type":"ImageObject","inLanguage":"fr-FR","@id":"https:\/\/www.academia-mentoris.com\/#\/schema\/person\/image\/","url":"https:\/\/www.academia-mentoris.com\/wp-content\/uploads\/2025\/10\/maronga-96x96.jpg","contentUrl":"https:\/\/www.academia-mentoris.com\/wp-content\/uploads\/2025\/10\/maronga-96x96.jpg","caption":"Maronga Justin Mo\u00efse, Contributeur Academia Mentoris"},"url":"https:\/\/www.academia-mentoris.com\/?author=6"}]}},"jetpack_featured_media_url":"https:\/\/www.academia-mentoris.com\/wp-content\/uploads\/2026\/05\/WhatsApp-Image-2026-05-01-at-17.34.44.jpeg","jetpack_sharing_enabled":true,"_links":{"self":[{"href":"https:\/\/www.academia-mentoris.com\/index.php?rest_route=\/wp\/v2\/posts\/1366","targetHints":{"allow":["GET"]}}],"collection":[{"href":"https:\/\/www.academia-mentoris.com\/index.php?rest_route=\/wp\/v2\/posts"}],"about":[{"href":"https:\/\/www.academia-mentoris.com\/index.php?rest_route=\/wp\/v2\/types\/post"}],"author":[{"embeddable":true,"href":"https:\/\/www.academia-mentoris.com\/index.php?rest_route=\/wp\/v2\/users\/6"}],"replies":[{"embeddable":true,"href":"https:\/\/www.academia-mentoris.com\/index.php?rest_route=%2Fwp%2Fv2%2Fcomments&post=1366"}],"version-history":[{"count":1,"href":"https:\/\/www.academia-mentoris.com\/index.php?rest_route=\/wp\/v2\/posts\/1366\/revisions"}],"predecessor-version":[{"id":1368,"href":"https:\/\/www.academia-mentoris.com\/index.php?rest_route=\/wp\/v2\/posts\/1366\/revisions\/1368"}],"wp:featuredmedia":[{"embeddable":true,"href":"https:\/\/www.academia-mentoris.com\/index.php?rest_route=\/wp\/v2\/media\/1367"}],"wp:attachment":[{"href":"https:\/\/www.academia-mentoris.com\/index.php?rest_route=%2Fwp%2Fv2%2Fmedia&parent=1366"}],"wp:term":[{"taxonomy":"category","embeddable":true,"href":"https:\/\/www.academia-mentoris.com\/index.php?rest_route=%2Fwp%2Fv2%2Fcategories&post=1366"},{"taxonomy":"post_tag","embeddable":true,"href":"https:\/\/www.academia-mentoris.com\/index.php?rest_route=%2Fwp%2Fv2%2Ftags&post=1366"}],"curies":[{"name":"wp","href":"https:\/\/api.w.org\/{rel}","templated":true}]}}