{"id":1363,"date":"2026-05-01T21:44:33","date_gmt":"2026-05-01T19:44:33","guid":{"rendered":"https:\/\/www.academia-mentoris.com\/?p=1363"},"modified":"2026-05-01T21:44:40","modified_gmt":"2026-05-01T19:44:40","slug":"marie-arche-de-la-nouvelle-alliance-une-etude-typologique","status":"publish","type":"post","link":"https:\/\/www.academia-mentoris.com\/?p=1363","title":{"rendered":"Marie, arche de la nouvelle alliance : une \u00e9tude typologique"},"content":{"rendered":"\n<p class=\"has-palette-color-4-color has-text-color has-link-color wp-elements-9f175e5c34c55ca1880d8f800b02bd4e\">Parmi les nombreuses images bibliques utilis\u00e9es par la tradition chr\u00e9tienne pour comprendre le myst\u00e8re de la Vierge Marie, l\u2019une des plus riches et des plus profondes est celle de <strong>Marie comme Arche de la Nouvelle Alliance<\/strong>. Cette typologie, enracin\u00e9e dans l\u2019\u00c9criture et d\u00e9velopp\u00e9e par les P\u00e8res de l\u2019\u00c9glise, met en lumi\u00e8re la mission unique de Marie dans l\u2019histoire du salut. Elle r\u00e9v\u00e8le que la Vierge n\u2019est pas seulement la m\u00e8re biologique de J\u00e9sus, mais le lieu vivant de la pr\u00e9sence de Dieu parmi les hommes.<\/p>\n\n\n\n<p class=\"has-palette-color-4-color has-text-color has-link-color wp-elements-1802b2a65f1e3d4c2fb8d3f55de667f1\">Dans l\u2019Ancien Testament, l\u2019Arche de l\u2019Alliance occupait une place centrale dans la vie religieuse d\u2019Isra\u00ebl. Elle \u00e9tait le signe visible de la pr\u00e9sence divine, le sanctuaire o\u00f9 Dieu manifestait sa gloire au milieu de son peuple. Avec l\u2019Incarnation du Verbe, cette r\u00e9alit\u00e9 symbolique atteint son accomplissement : la pr\u00e9sence de Dieu ne r\u00e9side plus dans un objet sacr\u00e9, mais dans une personne vivante, la Vierge Marie, qui porte en son sein le Fils de Dieu.<\/p>\n\n\n\n<p class=\"has-palette-color-4-color has-text-color has-link-color wp-elements-d3873aad6233a67e9315d741e921f17c\">L\u2019\u00e9tude typologique consiste pr\u00e9cis\u00e9ment \u00e0 lire l\u2019Ancien Testament \u00e0 la lumi\u00e8re du Nouveau, en reconnaissant que les \u00e9v\u00e9nements, les institutions et les symboles anciens annoncent et pr\u00e9figurent les r\u00e9alit\u00e9s nouvelles accomplies dans le Christ. Dans cette perspective, Marie appara\u00eet comme la r\u00e9alisation parfaite de l\u2019Arche de l\u2019Alliance : elle porte en elle la Parole de Dieu, elle devient le lieu de la rencontre entre Dieu et l\u2019humanit\u00e9, et elle inaugure la Nouvelle Alliance scell\u00e9e dans le Christ.<\/p>\n\n\n\n<p class=\"has-palette-color-4-color has-text-color has-link-color wp-elements-ea54791303a233710860c61b0eb047d4\">Cette r\u00e9flexion se propose donc d\u2019examiner les fondements bibliques, th\u00e9ologiques et spirituels de cette typologie, en montrant comment l\u2019image de l\u2019Arche de l\u2019Alliance \u00e9claire la vocation de Marie et sa place dans le myst\u00e8re du salut.<\/p>\n\n\n\n<p class=\"has-black-color has-text-color has-link-color wp-elements-2f065228ba2314bd659aaeda7674f894\"><strong>1. L\u2019Arche de l\u2019Alliance dans l\u2019Ancien Testament : signe de la pr\u00e9sence de Dieu<\/strong><\/p>\n\n\n\n<p class=\"has-palette-color-4-color has-text-color has-link-color wp-elements-78dadf72f18efc36d5698652b3a94493\">Pour comprendre la typologie mariale de l\u2019Arche, il est n\u00e9cessaire de saisir d\u2019abord la signification th\u00e9ologique de l\u2019Arche de l\u2019Alliance dans l\u2019Ancien Testament.<\/p>\n\n\n\n<p class=\"has-palette-color-4-color has-text-color has-link-color wp-elements-daaa3a85ae8f91c43ba1860c460d213d\">L\u2019Arche fut construite sur l\u2019ordre de Dieu pour contenir les \u00e9l\u00e9ments les plus sacr\u00e9s de l\u2019alliance entre Dieu et Isra\u00ebl. Selon le livre de l\u2019Exode, elle renfermait les tables de la Loi, la manne et le b\u00e2ton d\u2019Aaron, symboles de la r\u00e9v\u00e9lation divine, de la providence et de l\u2019autorit\u00e9 sacerdotale.<\/p>\n\n\n\n<p class=\"has-palette-color-4-color has-text-color has-link-color wp-elements-93c2fe4538088267f64441da4128ae3f\">L\u2019\u00c9criture rapporte :<\/p>\n\n\n\n<p class=\"has-palette-color-4-color has-text-color has-link-color wp-elements-ad9069ea5950f4c89f2618f04624fbe1\">\u00ab Tu mettras dans l\u2019arche le t\u00e9moignage que je te donnerai \u00bb (Ex 25,16).<\/p>\n\n\n\n<p class=\"has-palette-color-4-color has-text-color has-link-color wp-elements-0edaecbe5db4c96791d4530cb68388a0\">L\u2019Arche \u00e9tait donc le lieu o\u00f9 Dieu rendait sa pr\u00e9sence tangible. Elle repr\u00e9sentait la saintet\u00e9 divine et la fid\u00e9lit\u00e9 de Dieu \u00e0 son alliance. Lorsque l\u2019Arche \u00e9tait transport\u00e9e, elle \u00e9tait entour\u00e9e d\u2019un profond respect, car elle \u00e9tait consid\u00e9r\u00e9e comme le tr\u00f4ne de Dieu sur la terre.<\/p>\n\n\n\n<p class=\"has-palette-color-4-color has-text-color has-link-color wp-elements-e54b6f7d156317f643f479137ad9688d\">Le livre de l\u2019Exode d\u00e9crit la manifestation de la gloire divine lors de la cons\u00e9cration du sanctuaire :<\/p>\n\n\n\n<p class=\"has-palette-color-4-color has-text-color has-link-color wp-elements-9ac1606d038aa7a781e9ef148a2ef20d\">\u00ab La nu\u00e9e couvrit la tente de la Rencontre, et la gloire du Seigneur remplit la demeure \u00bb (Ex 40,34).<\/p>\n\n\n\n<p class=\"has-palette-color-4-color has-text-color has-link-color wp-elements-236cd9f763e0cca20eee2e14e6c83e95\">Cette nu\u00e9e, appel\u00e9e <strong>Shekinah<\/strong>, symbolisait la pr\u00e9sence active de Dieu au milieu de son peuple. Elle constitue un \u00e9l\u00e9ment central pour comprendre la typologie mariale, car le m\u00eame langage sera utilis\u00e9 dans l\u2019\u00c9vangile pour d\u00e9crire l\u2019action de l\u2019Esprit Saint lors de l\u2019Annonciation.<\/p>\n\n\n\n<p class=\"has-palette-color-4-color has-text-color has-link-color wp-elements-ca0d00b113db42ce69200c327a7ed882\">Ainsi, l\u2019Arche de l\u2019Alliance appara\u00eet comme le lieu privil\u00e9gi\u00e9 de la pr\u00e9sence divine, pr\u00e9parant la r\u00e9v\u00e9lation plus profonde de la Nouvelle Alliance.<\/p>\n\n\n\n<p class=\"has-black-color has-text-color has-link-color wp-elements-99fb5ff3135262205a980b9feeba4e24\"><strong>2. Marie dans l\u2019\u00c9vangile de Luc : accomplissement de l\u2019Arche de l\u2019Alliance<\/strong><\/p>\n\n\n\n<p class=\"has-palette-color-4-color has-text-color has-link-color wp-elements-19b6e6286610cd89548c40e537f74984\">La typologie entre l\u2019Arche de l\u2019Alliance et Marie appara\u00eet de mani\u00e8re particuli\u00e8rement claire dans l\u2019\u00c9vangile selon saint Luc. L\u2019\u00e9pisode de la Visitation r\u00e9v\u00e8le une s\u00e9rie de parall\u00e8les frappants entre le transport de l\u2019Arche dans l\u2019Ancien Testament et la visite de Marie chez \u00c9lisabeth.<\/p>\n\n\n\n<p class=\"has-palette-color-4-color has-text-color has-link-color wp-elements-3ba3554ec520a90c51731912525c2aaf\">Lorsque David accueille l\u2019Arche \u00e0 J\u00e9rusalem, il s\u2019\u00e9crie :<\/p>\n\n\n\n<p class=\"has-palette-color-4-color has-text-color has-link-color wp-elements-d421411b1b1dae87ea55b538c9370de7\">\u00ab Comment l\u2019arche du Seigneur entrerait-elle chez moi ? \u00bb (2 S 6,9).<\/p>\n\n\n\n<p class=\"has-palette-color-4-color has-text-color has-link-color wp-elements-bd83581326dd59c3e05fef5a485a53e7\">De mani\u00e8re \u00e9tonnamment similaire, \u00c9lisabeth s\u2019exclame :<\/p>\n\n\n\n<p class=\"has-palette-color-4-color has-text-color has-link-color wp-elements-b126099058e19dc34148daa5457d327d\">\u00ab Comment m\u2019est-il donn\u00e9 que la m\u00e8re de mon Seigneur vienne jusqu\u2019\u00e0 moi ? \u00bb (Lc 1,43).<\/p>\n\n\n\n<p class=\"has-palette-color-4-color has-text-color has-link-color wp-elements-92a030a581e3fe4735829cb79dc4ae75\">Ce parall\u00e9lisme n\u2019est pas accidentel. Il sugg\u00e8re que l\u2019\u00e9vang\u00e9liste Luc pr\u00e9sente intentionnellement Marie comme la nouvelle Arche de l\u2019Alliance.<\/p>\n\n\n\n<p class=\"has-palette-color-4-color has-text-color has-link-color wp-elements-514613d4ad5dbb9108571120d10cc9a7\">Un autre d\u00e9tail renforce cette interpr\u00e9tation : l\u2019Arche demeura trois mois dans la maison d\u2019Obed-\u00c9dom, et Marie resta environ trois mois chez \u00c9lisabeth. Ce parall\u00e8le chronologique souligne la continuit\u00e9 entre les deux r\u00e9cits.<\/p>\n\n\n\n<p class=\"has-palette-color-4-color has-text-color has-link-color wp-elements-783967f413e94780d1bfb3e2c827cfd5\">Enfin, le langage utilis\u00e9 lors de l\u2019Annonciation rappelle explicitement la pr\u00e9sence divine dans l\u2019Arche :<\/p>\n\n\n\n<p class=\"has-palette-color-4-color has-text-color has-link-color wp-elements-5fd509a6a51eccbfc54a2e4d94875dfc\">\u00ab L\u2019Esprit Saint viendra sur toi, et la puissance du Tr\u00e8s-Haut te couvrira de son ombre \u00bb (Lc 1,35).<\/p>\n\n\n\n<p class=\"has-palette-color-4-color has-text-color has-link-color wp-elements-a823348cf40078e37ff23b38fc128c4b\">L\u2019expression \u00ab couvrir de son ombre \u00bb \u00e9voque directement la nu\u00e9e qui recouvrait l\u2019Arche dans le d\u00e9sert. Elle signifie que Marie devient le lieu de la pr\u00e9sence divine dans la Nouvelle Alliance.<\/p>\n\n\n\n<p class=\"has-palette-color-4-color has-text-color has-link-color wp-elements-747a9c76bb55e89cde2b4a285a7b4bd9\">Ainsi, l\u2019\u00c9vangile r\u00e9v\u00e8le que Marie n\u2019est pas seulement une figure pieuse, mais une r\u00e9alit\u00e9 th\u00e9ologique : elle est la demeure vivante de Dieu parmi les hommes.<\/p>\n\n\n\n<p class=\"has-black-color has-text-color has-link-color wp-elements-a7f677ba1616a4d4752b31c80cee5446\"><strong>3. Le contenu de l\u2019Arche et son accomplissement dans le Christ port\u00e9 par Marie<\/strong><\/p>\n\n\n\n<p class=\"has-palette-color-4-color has-text-color has-link-color wp-elements-765952f1f5c7969d11697a6a7b8ee100\">La typologie mariale devient encore plus claire lorsque l\u2019on compare le contenu de l\u2019Arche avec la personne de J\u00e9sus.<\/p>\n\n\n\n<p class=\"has-palette-color-4-color has-text-color has-link-color wp-elements-b7376c1246e7928013b7e0097cf0729f\">L\u2019Arche contenait :<\/p>\n\n\n\n<ul class=\"wp-block-list\">\n<li class=\"has-palette-color-4-color has-text-color has-link-color wp-elements-398f672bdbe0b551e0a8e9d9131c3267\">les tables de la Loi<\/li>\n\n\n\n<li class=\"has-palette-color-4-color has-text-color has-link-color wp-elements-00da0e3a2bb92c127f17169a1a2fa01b\">la manne du d\u00e9sert<\/li>\n\n\n\n<li class=\"has-palette-color-4-color has-text-color has-link-color wp-elements-3ec2f7933509da3f1696cd632b16361d\">le b\u00e2ton d\u2019Aaron<\/li>\n<\/ul>\n\n\n\n<p class=\"has-palette-color-4-color has-text-color has-link-color wp-elements-032c14c9881bc8c2966dd129d26df077\">Ces \u00e9l\u00e9ments trouvent leur accomplissement dans le Christ.<\/p>\n\n\n\n<p class=\"has-palette-color-4-color has-text-color has-link-color wp-elements-cdb89792dcaf326d44fc2d2b162a3196\">Les tables de la Loi repr\u00e9sentaient la Parole de Dieu grav\u00e9e dans la pierre. J\u00e9sus est la Parole de Dieu incarn\u00e9e, la r\u00e9v\u00e9lation parfaite de la volont\u00e9 divine.<\/p>\n\n\n\n<p class=\"has-palette-color-4-color has-text-color has-link-color wp-elements-12c042f59dc8d9061086410e7fc77fde\">La manne \u00e9tait le pain descendu du ciel pour nourrir le peuple dans le d\u00e9sert. J\u00e9sus se pr\u00e9sente lui-m\u00eame comme la v\u00e9ritable nourriture spirituelle :<\/p>\n\n\n\n<p class=\"has-palette-color-4-color has-text-color has-link-color wp-elements-6d6a7632646835ab9f662aeb05551cdc\">\u00ab Je suis le pain vivant descendu du ciel \u00bb (Jn 6,51).<\/p>\n\n\n\n<p class=\"has-palette-color-4-color has-text-color has-link-color wp-elements-4ad2de13e5eb225cbd69840016b0b8a6\">Le b\u00e2ton d\u2019Aaron symbolisait l\u2019autorit\u00e9 sacerdotale. J\u00e9sus est le grand pr\u00eatre \u00e9ternel qui offre le sacrifice parfait pour le salut du monde.<\/p>\n\n\n\n<p class=\"has-palette-color-4-color has-text-color has-link-color wp-elements-bc443f955e95e068afc88caa155a8290\">Ainsi, Marie devient l\u2019Arche de la Nouvelle Alliance parce qu\u2019elle porte en son sein celui qui accomplit toutes les promesses de l\u2019Ancienne Alliance.<\/p>\n\n\n\n<p class=\"has-palette-color-4-color has-text-color has-link-color wp-elements-253517f669f3df883bf48043d91c53b0\">Cette typologie r\u00e9v\u00e8le la continuit\u00e9 entre les deux alliances et met en lumi\u00e8re la place unique de Marie dans l\u2019histoire du salut.<\/p>\n\n\n\n<p class=\"has-palette-color-4-color has-text-color has-link-color wp-elements-4fef082eabb3230c74bd931774b84189\"><strong>4. La signification th\u00e9ologique de Marie comme Arche de la Nouvelle Alliance<\/strong><\/p>\n\n\n\n<p class=\"has-palette-color-4-color has-text-color has-link-color wp-elements-e0a1c9000395b86f02517a94e382ed3c\">La reconnaissance de Marie comme Arche de la Nouvelle Alliance ne constitue pas une simple image po\u00e9tique, mais une affirmation th\u00e9ologique profonde.<\/p>\n\n\n\n<p class=\"has-palette-color-4-color has-text-color has-link-color wp-elements-5b5b398e48b46771f13d465fc31931ce\">Elle exprime d\u2019abord la saintet\u00e9 exceptionnelle de Marie. De m\u00eame que l\u2019Arche devait \u00eatre pure et consacr\u00e9e \u00e0 Dieu, Marie est pr\u00e9par\u00e9e par la gr\u00e2ce pour devenir la demeure du Verbe incarn\u00e9.<\/p>\n\n\n\n<p class=\"has-palette-color-4-color has-text-color has-link-color wp-elements-c6866b0dbfac744e026254b4de3761e1\">Cette v\u00e9rit\u00e9 \u00e9claire le dogme de l\u2019Immacul\u00e9e Conception, qui affirme que Marie a \u00e9t\u00e9 pr\u00e9serv\u00e9e du p\u00e9ch\u00e9 afin de devenir un sanctuaire digne de la pr\u00e9sence divine.<\/p>\n\n\n\n<p class=\"has-palette-color-4-color has-text-color has-link-color wp-elements-c26a33f5478fcf3cedc0dbb79ad61ba3\">Elle r\u00e9v\u00e8le ensuite la mission m\u00e9diatrice de Marie. Comme l\u2019Arche accompagnait le peuple d\u2019Isra\u00ebl dans son cheminement, Marie accompagne l\u2019\u00c9glise dans sa marche vers le salut.<\/p>\n\n\n\n<p class=\"has-palette-color-4-color has-text-color has-link-color wp-elements-a1f844c9c7231828b65a3e525adbe6f0\">Enfin, cette typologie souligne la dimension eccl\u00e9siale de Marie. Elle n\u2019est pas seulement la m\u00e8re de J\u00e9sus, mais la figure de l\u2019\u00c9glise elle-m\u00eame, appel\u00e9e \u00e0 porter la pr\u00e9sence du Christ dans le monde.<\/p>\n\n\n\n<p class=\"has-palette-color-4-color has-text-color has-link-color wp-elements-4c58e1bb1535bd5e0ec3556a8e646699\">Ainsi, Marie appara\u00eet comme le signe vivant de la fid\u00e9lit\u00e9 de Dieu et de la r\u00e9alisation de ses promesses.<\/p>\n\n\n\n<p class=\"has-palette-color-4-color has-text-color has-link-color wp-elements-2476963b29b5393a38fe435107f25390\"><strong>5. La dimension spirituelle et eccl\u00e9siale de cette typologie<\/strong><\/p>\n\n\n\n<p class=\"has-palette-color-4-color has-text-color has-link-color wp-elements-4607434615ad001974a4ba282123ee68\">La typologie de Marie comme Arche de la Nouvelle Alliance poss\u00e8de une port\u00e9e spirituelle profonde pour la vie chr\u00e9tienne.<\/p>\n\n\n\n<p class=\"has-palette-color-4-color has-text-color has-link-color wp-elements-ad610df82b7ab1ca600be0ab988b0596\">Elle rappelle que Dieu d\u00e9sire habiter au c\u0153ur de l\u2019homme. De m\u00eame que Marie a accueilli la pr\u00e9sence divine, chaque croyant est appel\u00e9 \u00e0 devenir une demeure de Dieu.<\/p>\n\n\n\n<p class=\"has-palette-color-4-color has-text-color has-link-color wp-elements-ffe924edf0901394eb73481666407d5d\">Elle invite \u00e9galement \u00e0 vivre une relation de confiance avec la Vierge Marie, qui demeure une m\u00e8re spirituelle pour l\u2019\u00c9glise.<\/p>\n\n\n\n<p class=\"has-palette-color-4-color has-text-color has-link-color wp-elements-d0218f268ea5a4436023d71c2a09e5ec\">Enfin, cette typologie nourrit l\u2019esp\u00e9rance chr\u00e9tienne. Elle montre que l\u2019histoire du salut est un chemin de fid\u00e9lit\u00e9 divine, o\u00f9 chaque promesse trouve son accomplissement dans le Christ.<\/p>\n\n\n\n<p class=\"has-palette-color-4-color has-text-color has-link-color wp-elements-16d5de100e6158a8073796259a65b32b\"><strong>Conclusion<\/strong><\/p>\n\n\n\n<p class=\"has-palette-color-4-color has-text-color has-link-color wp-elements-f614b34ff6e762b428906eb27241d239\">La figure de <strong>Marie comme Arche de la Nouvelle Alliance<\/strong> constitue l\u2019une des typologies les plus riches de la tradition chr\u00e9tienne. Elle r\u00e9v\u00e8le la continuit\u00e9 entre l\u2019Ancien et le Nouveau Testament et met en lumi\u00e8re la mission unique de la Vierge dans l\u2019histoire du salut.<\/p>\n\n\n\n<p class=\"has-palette-color-4-color has-text-color has-link-color wp-elements-cb9a204fb945ed4ab6702d9f61c9525a\">En portant le Fils de Dieu dans son sein, Marie devient le lieu vivant de la pr\u00e9sence divine parmi les hommes. Elle r\u00e9alise pleinement ce que l\u2019Arche de l\u2019Alliance annon\u00e7ait symboliquement : la rencontre entre Dieu et l\u2019humanit\u00e9.<\/p>\n\n\n\n<p class=\"has-palette-color-4-color has-text-color has-link-color wp-elements-bb757bbf8da3b059ba20b77185c8aab5\">Ainsi, la typologie mariale de l\u2019Arche de la Nouvelle Alliance ne se limite pas \u00e0 une interpr\u00e9tation biblique, mais ouvre une perspective th\u00e9ologique et spirituelle profonde : elle proclame que Dieu habite d\u00e9sormais au milieu de son peuple, non dans un objet sacr\u00e9, mais dans une personne vivante, la Vierge Marie, m\u00e8re du Sauveur.<\/p>\n\n\n\n<p><\/p>\n","protected":false},"excerpt":{"rendered":"<p>Parmi les nombreuses images bibliques utilis\u00e9es par la tradition chr\u00e9tienne pour comprendre le myst\u00e8re de la Vierge Marie, l\u2019une des plus riches et des plus profondes est celle de Marie comme Arche de la Nouvelle Alliance. Cette typologie, enracin\u00e9e dans l\u2019\u00c9criture et d\u00e9velopp\u00e9e par les P\u00e8res de l\u2019\u00c9glise, met en lumi\u00e8re la mission unique de [&hellip;]<\/p>\n","protected":false},"author":6,"featured_media":1364,"comment_status":"open","ping_status":"open","sticky":false,"template":"elementor_theme","format":"standard","meta":{"_jetpack_memberships_contains_paid_content":false,"footnotes":""},"categories":[36],"tags":[],"class_list":["post-1363","post","type-post","status-publish","format-standard","has-post-thumbnail","hentry","category-reflexions"],"blocksy_meta":[],"yoast_head":"<!-- This site is optimized with the Yoast SEO plugin v26.0 - https:\/\/yoast.com\/wordpress\/plugins\/seo\/ -->\n<title>Marie, arche de la nouvelle alliance : une \u00e9tude typologique - Academia Mentoris<\/title>\n<meta name=\"robots\" content=\"index, follow, max-snippet:-1, max-image-preview:large, max-video-preview:-1\" \/>\n<link rel=\"canonical\" href=\"https:\/\/www.academia-mentoris.com\/?p=1363\" \/>\n<meta property=\"og:locale\" content=\"fr_FR\" \/>\n<meta property=\"og:type\" content=\"article\" \/>\n<meta property=\"og:title\" content=\"Marie, arche de la nouvelle alliance : une \u00e9tude typologique - Academia Mentoris\" \/>\n<meta property=\"og:description\" content=\"Parmi les nombreuses images bibliques utilis\u00e9es par la tradition chr\u00e9tienne pour comprendre le myst\u00e8re de la Vierge Marie, l\u2019une des plus riches et des plus profondes est celle de Marie comme Arche de la Nouvelle Alliance. Cette typologie, enracin\u00e9e dans l\u2019\u00c9criture et d\u00e9velopp\u00e9e par les P\u00e8res de l\u2019\u00c9glise, met en lumi\u00e8re la mission unique de [&hellip;]\" \/>\n<meta property=\"og:url\" content=\"https:\/\/www.academia-mentoris.com\/?p=1363\" \/>\n<meta property=\"og:site_name\" content=\"Academia Mentoris\" \/>\n<meta property=\"article:published_time\" content=\"2026-05-01T19:44:33+00:00\" \/>\n<meta property=\"article:modified_time\" content=\"2026-05-01T19:44:40+00:00\" \/>\n<meta property=\"og:image\" content=\"https:\/\/www.academia-mentoris.com\/wp-content\/uploads\/2026\/05\/WhatsApp-Image-2026-05-01-a7.34.44.jpeg\" \/>\n\t<meta property=\"og:image:width\" content=\"443\" \/>\n\t<meta property=\"og:image:height\" content=\"576\" \/>\n\t<meta property=\"og:image:type\" content=\"image\/jpeg\" \/>\n<meta name=\"author\" content=\"Maronga Justin Mo\u00efse, Contributeur Academia Mentoris\" \/>\n<meta name=\"twitter:card\" content=\"summary_large_image\" \/>\n<meta name=\"twitter:label1\" content=\"\u00c9crit par\" \/>\n\t<meta name=\"twitter:data1\" content=\"Maronga Justin Mo\u00efse, Contributeur Academia Mentoris\" \/>\n\t<meta name=\"twitter:label2\" content=\"Dur\u00e9e de lecture estim\u00e9e\" \/>\n\t<meta name=\"twitter:data2\" content=\"8 minutes\" \/>\n<script type=\"application\/ld+json\" class=\"yoast-schema-graph\">{\"@context\":\"https:\/\/schema.org\",\"@graph\":[{\"@type\":\"Article\",\"@id\":\"https:\/\/www.academia-mentoris.com\/?p=1363#article\",\"isPartOf\":{\"@id\":\"https:\/\/www.academia-mentoris.com\/?p=1363\"},\"author\":{\"name\":\"Maronga Justin Mo\u00efse, Contributeur Academia Mentoris\",\"@id\":\"https:\/\/www.academia-mentoris.com\/#\/schema\/person\/83b3e20c30b03bf64bcf878ea63219b0\"},\"headline\":\"Marie, arche de la nouvelle alliance : une \u00e9tude typologique\",\"datePublished\":\"2026-05-01T19:44:33+00:00\",\"dateModified\":\"2026-05-01T19:44:40+00:00\",\"mainEntityOfPage\":{\"@id\":\"https:\/\/www.academia-mentoris.com\/?p=1363\"},\"wordCount\":1592,\"commentCount\":0,\"publisher\":{\"@id\":\"https:\/\/www.academia-mentoris.com\/#organization\"},\"image\":{\"@id\":\"https:\/\/www.academia-mentoris.com\/?p=1363#primaryimage\"},\"thumbnailUrl\":\"https:\/\/www.academia-mentoris.com\/wp-content\/uploads\/2026\/05\/WhatsApp-Image-2026-05-01-a7.34.44.jpeg\",\"articleSection\":[\"R\u00e9flexions\"],\"inLanguage\":\"fr-FR\",\"potentialAction\":[{\"@type\":\"CommentAction\",\"name\":\"Comment\",\"target\":[\"https:\/\/www.academia-mentoris.com\/?p=1363#respond\"]}]},{\"@type\":\"WebPage\",\"@id\":\"https:\/\/www.academia-mentoris.com\/?p=1363\",\"url\":\"https:\/\/www.academia-mentoris.com\/?p=1363\",\"name\":\"Marie, arche de la nouvelle alliance : une \u00e9tude typologique - Academia Mentoris\",\"isPartOf\":{\"@id\":\"https:\/\/www.academia-mentoris.com\/#website\"},\"primaryImageOfPage\":{\"@id\":\"https:\/\/www.academia-mentoris.com\/?p=1363#primaryimage\"},\"image\":{\"@id\":\"https:\/\/www.academia-mentoris.com\/?p=1363#primaryimage\"},\"thumbnailUrl\":\"https:\/\/www.academia-mentoris.com\/wp-content\/uploads\/2026\/05\/WhatsApp-Image-2026-05-01-a7.34.44.jpeg\",\"datePublished\":\"2026-05-01T19:44:33+00:00\",\"dateModified\":\"2026-05-01T19:44:40+00:00\",\"breadcrumb\":{\"@id\":\"https:\/\/www.academia-mentoris.com\/?p=1363#breadcrumb\"},\"inLanguage\":\"fr-FR\",\"potentialAction\":[{\"@type\":\"ReadAction\",\"target\":[\"https:\/\/www.academia-mentoris.com\/?p=1363\"]}]},{\"@type\":\"ImageObject\",\"inLanguage\":\"fr-FR\",\"@id\":\"https:\/\/www.academia-mentoris.com\/?p=1363#primaryimage\",\"url\":\"https:\/\/www.academia-mentoris.com\/wp-content\/uploads\/2026\/05\/WhatsApp-Image-2026-05-01-a7.34.44.jpeg\",\"contentUrl\":\"https:\/\/www.academia-mentoris.com\/wp-content\/uploads\/2026\/05\/WhatsApp-Image-2026-05-01-a7.34.44.jpeg\",\"width\":443,\"height\":576},{\"@type\":\"BreadcrumbList\",\"@id\":\"https:\/\/www.academia-mentoris.com\/?p=1363#breadcrumb\",\"itemListElement\":[{\"@type\":\"ListItem\",\"position\":1,\"name\":\"Home\",\"item\":\"https:\/\/www.academia-mentoris.com\/\"},{\"@type\":\"ListItem\",\"position\":2,\"name\":\"Marie, arche de la nouvelle alliance : une \u00e9tude typologique\"}]},{\"@type\":\"WebSite\",\"@id\":\"https:\/\/www.academia-mentoris.com\/#website\",\"url\":\"https:\/\/www.academia-mentoris.com\/\",\"name\":\"Academia Mentoris\",\"description\":\"Le laboratoire du verbe\",\"publisher\":{\"@id\":\"https:\/\/www.academia-mentoris.com\/#organization\"},\"potentialAction\":[{\"@type\":\"SearchAction\",\"target\":{\"@type\":\"EntryPoint\",\"urlTemplate\":\"https:\/\/www.academia-mentoris.com\/?s={search_term_string}\"},\"query-input\":{\"@type\":\"PropertyValueSpecification\",\"valueRequired\":true,\"valueName\":\"search_term_string\"}}],\"inLanguage\":\"fr-FR\"},{\"@type\":\"Organization\",\"@id\":\"https:\/\/www.academia-mentoris.com\/#organization\",\"name\":\"Academia Mentoris\",\"url\":\"https:\/\/www.academia-mentoris.com\/\",\"logo\":{\"@type\":\"ImageObject\",\"inLanguage\":\"fr-FR\",\"@id\":\"https:\/\/www.academia-mentoris.com\/#\/schema\/logo\/image\/\",\"url\":\"https:\/\/www.academia-mentoris.com\/wp-content\/uploads\/2025\/09\/logo-acabien.jpg\",\"contentUrl\":\"https:\/\/www.academia-mentoris.com\/wp-content\/uploads\/2025\/09\/logo-acabien.jpg\",\"width\":1013,\"height\":298,\"caption\":\"Academia Mentoris\"},\"image\":{\"@id\":\"https:\/\/www.academia-mentoris.com\/#\/schema\/logo\/image\/\"}},{\"@type\":\"Person\",\"@id\":\"https:\/\/www.academia-mentoris.com\/#\/schema\/person\/83b3e20c30b03bf64bcf878ea63219b0\",\"name\":\"Maronga Justin Mo\u00efse, Contributeur Academia Mentoris\",\"image\":{\"@type\":\"ImageObject\",\"inLanguage\":\"fr-FR\",\"@id\":\"https:\/\/www.academia-mentoris.com\/#\/schema\/person\/image\/\",\"url\":\"https:\/\/www.academia-mentoris.com\/wp-content\/uploads\/2025\/10\/maronga-96x96.jpg\",\"contentUrl\":\"https:\/\/www.academia-mentoris.com\/wp-content\/uploads\/2025\/10\/maronga-96x96.jpg\",\"caption\":\"Maronga Justin Mo\u00efse, Contributeur Academia Mentoris\"},\"url\":\"https:\/\/www.academia-mentoris.com\/?author=6\"}]}<\/script>\n<!-- \/ Yoast SEO plugin. -->","yoast_head_json":{"title":"Marie, arche de la nouvelle alliance : une \u00e9tude typologique - Academia Mentoris","robots":{"index":"index","follow":"follow","max-snippet":"max-snippet:-1","max-image-preview":"max-image-preview:large","max-video-preview":"max-video-preview:-1"},"canonical":"https:\/\/www.academia-mentoris.com\/?p=1363","og_locale":"fr_FR","og_type":"article","og_title":"Marie, arche de la nouvelle alliance : une \u00e9tude typologique - Academia Mentoris","og_description":"Parmi les nombreuses images bibliques utilis\u00e9es par la tradition chr\u00e9tienne pour comprendre le myst\u00e8re de la Vierge Marie, l\u2019une des plus riches et des plus profondes est celle de Marie comme Arche de la Nouvelle Alliance. Cette typologie, enracin\u00e9e dans l\u2019\u00c9criture et d\u00e9velopp\u00e9e par les P\u00e8res de l\u2019\u00c9glise, met en lumi\u00e8re la mission unique de [&hellip;]","og_url":"https:\/\/www.academia-mentoris.com\/?p=1363","og_site_name":"Academia Mentoris","article_published_time":"2026-05-01T19:44:33+00:00","article_modified_time":"2026-05-01T19:44:40+00:00","og_image":[{"width":443,"height":576,"url":"https:\/\/www.academia-mentoris.com\/wp-content\/uploads\/2026\/05\/WhatsApp-Image-2026-05-01-a7.34.44.jpeg","type":"image\/jpeg"}],"author":"Maronga Justin Mo\u00efse, Contributeur Academia Mentoris","twitter_card":"summary_large_image","twitter_misc":{"\u00c9crit par":"Maronga Justin Mo\u00efse, Contributeur Academia Mentoris","Dur\u00e9e de lecture estim\u00e9e":"8 minutes"},"schema":{"@context":"https:\/\/schema.org","@graph":[{"@type":"Article","@id":"https:\/\/www.academia-mentoris.com\/?p=1363#article","isPartOf":{"@id":"https:\/\/www.academia-mentoris.com\/?p=1363"},"author":{"name":"Maronga Justin Mo\u00efse, Contributeur Academia Mentoris","@id":"https:\/\/www.academia-mentoris.com\/#\/schema\/person\/83b3e20c30b03bf64bcf878ea63219b0"},"headline":"Marie, arche de la nouvelle alliance : une \u00e9tude typologique","datePublished":"2026-05-01T19:44:33+00:00","dateModified":"2026-05-01T19:44:40+00:00","mainEntityOfPage":{"@id":"https:\/\/www.academia-mentoris.com\/?p=1363"},"wordCount":1592,"commentCount":0,"publisher":{"@id":"https:\/\/www.academia-mentoris.com\/#organization"},"image":{"@id":"https:\/\/www.academia-mentoris.com\/?p=1363#primaryimage"},"thumbnailUrl":"https:\/\/www.academia-mentoris.com\/wp-content\/uploads\/2026\/05\/WhatsApp-Image-2026-05-01-a7.34.44.jpeg","articleSection":["R\u00e9flexions"],"inLanguage":"fr-FR","potentialAction":[{"@type":"CommentAction","name":"Comment","target":["https:\/\/www.academia-mentoris.com\/?p=1363#respond"]}]},{"@type":"WebPage","@id":"https:\/\/www.academia-mentoris.com\/?p=1363","url":"https:\/\/www.academia-mentoris.com\/?p=1363","name":"Marie, arche de la nouvelle alliance : une \u00e9tude typologique - Academia Mentoris","isPartOf":{"@id":"https:\/\/www.academia-mentoris.com\/#website"},"primaryImageOfPage":{"@id":"https:\/\/www.academia-mentoris.com\/?p=1363#primaryimage"},"image":{"@id":"https:\/\/www.academia-mentoris.com\/?p=1363#primaryimage"},"thumbnailUrl":"https:\/\/www.academia-mentoris.com\/wp-content\/uploads\/2026\/05\/WhatsApp-Image-2026-05-01-a7.34.44.jpeg","datePublished":"2026-05-01T19:44:33+00:00","dateModified":"2026-05-01T19:44:40+00:00","breadcrumb":{"@id":"https:\/\/www.academia-mentoris.com\/?p=1363#breadcrumb"},"inLanguage":"fr-FR","potentialAction":[{"@type":"ReadAction","target":["https:\/\/www.academia-mentoris.com\/?p=1363"]}]},{"@type":"ImageObject","inLanguage":"fr-FR","@id":"https:\/\/www.academia-mentoris.com\/?p=1363#primaryimage","url":"https:\/\/www.academia-mentoris.com\/wp-content\/uploads\/2026\/05\/WhatsApp-Image-2026-05-01-a7.34.44.jpeg","contentUrl":"https:\/\/www.academia-mentoris.com\/wp-content\/uploads\/2026\/05\/WhatsApp-Image-2026-05-01-a7.34.44.jpeg","width":443,"height":576},{"@type":"BreadcrumbList","@id":"https:\/\/www.academia-mentoris.com\/?p=1363#breadcrumb","itemListElement":[{"@type":"ListItem","position":1,"name":"Home","item":"https:\/\/www.academia-mentoris.com\/"},{"@type":"ListItem","position":2,"name":"Marie, arche de la nouvelle alliance : une \u00e9tude typologique"}]},{"@type":"WebSite","@id":"https:\/\/www.academia-mentoris.com\/#website","url":"https:\/\/www.academia-mentoris.com\/","name":"Academia Mentoris","description":"Le laboratoire du verbe","publisher":{"@id":"https:\/\/www.academia-mentoris.com\/#organization"},"potentialAction":[{"@type":"SearchAction","target":{"@type":"EntryPoint","urlTemplate":"https:\/\/www.academia-mentoris.com\/?s={search_term_string}"},"query-input":{"@type":"PropertyValueSpecification","valueRequired":true,"valueName":"search_term_string"}}],"inLanguage":"fr-FR"},{"@type":"Organization","@id":"https:\/\/www.academia-mentoris.com\/#organization","name":"Academia Mentoris","url":"https:\/\/www.academia-mentoris.com\/","logo":{"@type":"ImageObject","inLanguage":"fr-FR","@id":"https:\/\/www.academia-mentoris.com\/#\/schema\/logo\/image\/","url":"https:\/\/www.academia-mentoris.com\/wp-content\/uploads\/2025\/09\/logo-acabien.jpg","contentUrl":"https:\/\/www.academia-mentoris.com\/wp-content\/uploads\/2025\/09\/logo-acabien.jpg","width":1013,"height":298,"caption":"Academia Mentoris"},"image":{"@id":"https:\/\/www.academia-mentoris.com\/#\/schema\/logo\/image\/"}},{"@type":"Person","@id":"https:\/\/www.academia-mentoris.com\/#\/schema\/person\/83b3e20c30b03bf64bcf878ea63219b0","name":"Maronga Justin Mo\u00efse, Contributeur Academia Mentoris","image":{"@type":"ImageObject","inLanguage":"fr-FR","@id":"https:\/\/www.academia-mentoris.com\/#\/schema\/person\/image\/","url":"https:\/\/www.academia-mentoris.com\/wp-content\/uploads\/2025\/10\/maronga-96x96.jpg","contentUrl":"https:\/\/www.academia-mentoris.com\/wp-content\/uploads\/2025\/10\/maronga-96x96.jpg","caption":"Maronga Justin Mo\u00efse, Contributeur Academia Mentoris"},"url":"https:\/\/www.academia-mentoris.com\/?author=6"}]}},"jetpack_featured_media_url":"https:\/\/www.academia-mentoris.com\/wp-content\/uploads\/2026\/05\/WhatsApp-Image-2026-05-01-a7.34.44.jpeg","jetpack_sharing_enabled":true,"_links":{"self":[{"href":"https:\/\/www.academia-mentoris.com\/index.php?rest_route=\/wp\/v2\/posts\/1363","targetHints":{"allow":["GET"]}}],"collection":[{"href":"https:\/\/www.academia-mentoris.com\/index.php?rest_route=\/wp\/v2\/posts"}],"about":[{"href":"https:\/\/www.academia-mentoris.com\/index.php?rest_route=\/wp\/v2\/types\/post"}],"author":[{"embeddable":true,"href":"https:\/\/www.academia-mentoris.com\/index.php?rest_route=\/wp\/v2\/users\/6"}],"replies":[{"embeddable":true,"href":"https:\/\/www.academia-mentoris.com\/index.php?rest_route=%2Fwp%2Fv2%2Fcomments&post=1363"}],"version-history":[{"count":1,"href":"https:\/\/www.academia-mentoris.com\/index.php?rest_route=\/wp\/v2\/posts\/1363\/revisions"}],"predecessor-version":[{"id":1365,"href":"https:\/\/www.academia-mentoris.com\/index.php?rest_route=\/wp\/v2\/posts\/1363\/revisions\/1365"}],"wp:featuredmedia":[{"embeddable":true,"href":"https:\/\/www.academia-mentoris.com\/index.php?rest_route=\/wp\/v2\/media\/1364"}],"wp:attachment":[{"href":"https:\/\/www.academia-mentoris.com\/index.php?rest_route=%2Fwp%2Fv2%2Fmedia&parent=1363"}],"wp:term":[{"taxonomy":"category","embeddable":true,"href":"https:\/\/www.academia-mentoris.com\/index.php?rest_route=%2Fwp%2Fv2%2Fcategories&post=1363"},{"taxonomy":"post_tag","embeddable":true,"href":"https:\/\/www.academia-mentoris.com\/index.php?rest_route=%2Fwp%2Fv2%2Ftags&post=1363"}],"curies":[{"name":"wp","href":"https:\/\/api.w.org\/{rel}","templated":true}]}}