{"id":1359,"date":"2026-05-01T21:36:04","date_gmt":"2026-05-01T19:36:04","guid":{"rendered":"https:\/\/www.academia-mentoris.com\/?p=1359"},"modified":"2026-05-01T21:36:12","modified_gmt":"2026-05-01T19:36:12","slug":"marie-fleur-de-lalliance-accomplie","status":"publish","type":"post","link":"https:\/\/www.academia-mentoris.com\/?p=1359","title":{"rendered":"Marie, fleur de l\u2019alliance accomplie"},"content":{"rendered":"\n<p class=\"has-palette-color-4-color has-text-color has-link-color wp-elements-e0b9f0612ae508fb5d7123a1397ab50a\">Dans le silence ancien des promesses murmur\u00e9es,<br>Quand la terre attendait sans savoir esp\u00e9rer,<br>Des voix de femmes, faibles aux yeux du monde,<br>Portaient d\u00e9j\u00e0 l\u2019\u00e9cho d\u2019une gr\u00e2ce profonde.<\/p>\n\n\n\n<p class=\"has-palette-color-4-color has-text-color has-link-color wp-elements-56c34d13e8f3bd65a962497c0781af46\">\u00c8ve d\u2019abord, au jardin de lumi\u00e8re,<br>M\u00e8re des vivants, bless\u00e9e dans sa pri\u00e8re,<br>En son sein m\u00ealait l\u2019ombre et la promesse :<br>La chute et d\u00e9j\u00e0 l\u2019annonce d\u2019une tendresse.<br>Car dans la nuit du fruit et du refus,<br>Dieu parlait d\u2019une Femme encore inconnue,<br>Dont le talon briserait le serpent ancien \u2014<br>Et l\u2019histoire retint ce myst\u00e8re divin.<\/p>\n\n\n\n<p class=\"has-palette-color-4-color has-text-color has-link-color wp-elements-233de2f4e9fdbba76e6ca943ad5ed584\">Puis Sarah, au rire tremblant d\u2019incr\u00e9dulit\u00e9,<br>St\u00e9rile devenue terre de f\u00e9condit\u00e9,<br>Elle apprit que Dieu \u00e9crit au-del\u00e0 du possible,<br>Et que sa parole rend la vie accessible.<br>Dans ses rides naquit une descendance,<br>Non par force humaine, mais par confiance :<br>Un fils, Isaac, fruit d\u2019une alliance scell\u00e9e,<br>Image lointaine d\u2019un enfant \u00e0 venir, donn\u00e9.<\/p>\n\n\n\n<p class=\"has-palette-color-4-color has-text-color has-link-color wp-elements-38883981a6018cfacc34afd5983c682a\">R\u00e9becca, au seuil des choix d\u00e9cisifs,<br>Porta en elle deux peuples fugitifs,<br>Et dans le secret de son discernement,<br>Elle guida l\u2019histoire selon le dessein latent.<br>Ruth, l\u2019\u00e9trang\u00e8re, fid\u00e8le dans l\u2019exil,<br>Trouva dans la pauvret\u00e9 un chemin subtil :<br>Par son amour simple et sans \u00e9clat,<br>Elle entra dans la lign\u00e9e du Roi David d\u00e9j\u00e0.<\/p>\n\n\n\n<p class=\"has-palette-color-4-color has-text-color has-link-color wp-elements-82b863a5fb38f216674feeb149621f9d\">Et Anne, dans les larmes du sanctuaire,<br>Versa son c\u0153ur comme une pri\u00e8re,<br>Demandant un fils, offrant d\u00e9j\u00e0 son don \u2014<br>Samuel naquit de cette oblation.<br>Judith leva la main quand tout vacillait,<br>Esther risqua sa vie quand le peuple tremblait :<br>Femmes de courage, de foi et d\u2019abandon,<br>Pr\u00e9paraient sans le savoir un myst\u00e8re plus profond.<\/p>\n\n\n\n<p class=\"has-palette-color-4-color has-text-color has-link-color wp-elements-6ef18ed3a1f13f9787bf4cd45c65bee7\">Mais voici qu\u2019au temps accompli, dans une humble maison,<br>Une autre Femme re\u00e7oit la visitation.<br>Non plus symbole, non plus figure voil\u00e9e,<br>Mais la r\u00e9alit\u00e9 que toutes avaient annonc\u00e9e.<\/p>\n\n\n\n<p class=\"has-palette-color-4-color has-text-color has-link-color wp-elements-d1f8a11054ea75a92f81a112117b390a\">Marie \u2014<br>Nom simple, port\u00e9 par la gr\u00e2ce infinie,<br>Jeune fille cach\u00e9e dans l\u2019ombre de Nazareth,<br>Et pourtant choisie pour ce que nul ne pouvait \u00eatre.<\/p>\n\n\n\n<p class=\"has-palette-color-4-color has-text-color has-link-color wp-elements-1d880694a10f35622b602c3166f5e21b\">L\u2019ange la salue, et le ciel retient son souffle :<br>\u00ab R\u00e9jouis-toi, combl\u00e9e de gr\u00e2ce \u00bb \u2014 parole qui s\u2019offre<br>Comme une lumi\u00e8re dans l\u2019histoire humaine,<br>Comme une r\u00e9ponse \u00e0 toute peine.<\/p>\n\n\n\n<p class=\"has-palette-color-4-color has-text-color has-link-color wp-elements-55d3a525874ba0e3d1e809b0987db365\">Elle n\u2019est ni reine aux yeux du monde,<br>Ni savante aux discours profonds,<br>Mais son c\u0153ur est un sanctuaire ouvert,<br>O\u00f9 Dieu peut enfin habiter sur la terre.<\/p>\n\n\n\n<p class=\"has-palette-color-4-color has-text-color has-link-color wp-elements-519a075820fba4b5c43f4129f44a5d42\">L\u00e0 o\u00f9 \u00c8ve douta, Marie consent,<br>L\u00e0 o\u00f9 l\u2019orgueil ferma, son humilit\u00e9 attend,<br>Et dans son \u00ab oui \u00bb, si simple et si total,<br>L\u2019\u00e9ternit\u00e9 s\u2019unit au temps fragile.<\/p>\n\n\n\n<p class=\"has-palette-color-4-color has-text-color has-link-color wp-elements-074469656b129be19bf1c3b87deb2ce9\">Elle devient Arche \u2014 non faite de bois et d\u2019or,<br>Mais de chair vivante o\u00f9 Dieu se fait corps.<br>En elle repose la Parole \u00e9ternelle,<br>Non grav\u00e9e sur pierre, mais vivante en elle.<\/p>\n\n\n\n<p class=\"has-palette-color-4-color has-text-color has-link-color wp-elements-1bf37f17ba4bd80c7b49f9cf18f44835\">Elle porte en son sein plus que la manne ancienne :<br>Le Pain vivant qui nourrit toute faim humaine.<br>Elle garde non plus le b\u00e2ton sacerdotal,<br>Mais le Pr\u00eatre \u00e9ternel, don universel.<\/p>\n\n\n\n<p class=\"has-palette-color-4-color has-text-color has-link-color wp-elements-664b8ed4965f8bc40ed7528ba4fa8cfe\">Et comme autrefois la nu\u00e9e descendait,<br>Sur l\u2019Arche sainte qu\u2019elle enveloppait,<br>L\u2019Esprit vient en elle, ombre lumineuse,<br>Faisant de son sein une demeure radieuse.<\/p>\n\n\n\n<p class=\"has-palette-color-4-color has-text-color has-link-color wp-elements-edba1f933b536a7122a120c92e39b1a3\">Elle se l\u00e8ve, h\u00e2te ses pas dans la montagne,<br>Comme l\u2019Arche autrefois visitait la campagne,<br>Et la joie \u00e9clate dans le sein d\u2019\u00c9lisabeth :<br>Le salut a pris chair, et le monde rena\u00eet.<\/p>\n\n\n\n<p class=\"has-palette-color-4-color has-text-color has-link-color wp-elements-a879f8804584c8e1f84eeb5b4f7ef1e3\">\u00d4 Marie, sommet des femmes de l\u2019Alliance,<br>En toi s\u2019accomplit toute leur esp\u00e9rance,<br>Tu es leur couronne et leur v\u00e9rit\u00e9,<br>Leur attente devenue r\u00e9alit\u00e9.<\/p>\n\n\n\n<p class=\"has-palette-color-4-color has-text-color has-link-color wp-elements-295cb1d2883ba257324b99ef44a133e1\">En toi, la st\u00e9rilit\u00e9 devient f\u00e9condit\u00e9,<br>Le silence devient \u00e9ternit\u00e9,<br>La faiblesse devient chemin de puissance,<br>Et l\u2019histoire trouve enfin son sens.<\/p>\n\n\n\n<p class=\"has-palette-color-4-color has-text-color has-link-color wp-elements-a4c25e09f5be82a4cd692af9ea188029\">Mais ton chemin ne s\u2019arr\u00eate pas \u00e0 la lumi\u00e8re :<br>Tu marches aussi dans l\u2019ombre am\u00e8re.<br>\u00c0 Bethl\u00e9em, dans la pauvret\u00e9, tu enfantes le Roi,<br>Et d\u00e9j\u00e0 l\u2019\u00e9p\u00e9e se profile devant toi.<\/p>\n\n\n\n<p class=\"has-palette-color-4-color has-text-color has-link-color wp-elements-3d6b72a81910d48146bafbd2652f1810\">Tu fuis en \u00c9gypte, comme Isra\u00ebl autrefois,<br>Portant dans tes bras l\u2019esp\u00e9rance et la loi.<br>Tu cherches ton fils, tu gardes en ton c\u0153ur,<br>Chaque myst\u00e8re, chaque douleur.<\/p>\n\n\n\n<p class=\"has-palette-color-4-color has-text-color has-link-color wp-elements-69f87f3d392d14a0f36c3fe12ca8c2fd\">Et au pied de la croix, \u00f4 M\u00e8re silencieuse,<br>Tu deviens la Femme douloureuse,<br>Nouvelle \u00c8ve, debout dans la nuit,<br>Quand tout semble perdu, quand tout est d\u00e9truit.<\/p>\n\n\n\n<p class=\"has-palette-color-4-color has-text-color has-link-color wp-elements-a52c818b0d228a16eaeb44415af37c41\">L\u00e0, sans parole, mais dans l\u2019abandon,<br>Tu offres ton Fils pour la r\u00e9demption.<br>Et dans ce don total, sans retour,<br>Tu deviens m\u00e8re de l\u2019\u00c9glise, m\u00e8re d\u2019amour.<\/p>\n\n\n\n<p class=\"has-palette-color-4-color has-text-color has-link-color wp-elements-167489d097be39684e1b890055bd7a1e\">Marie \u2014<br>Non seulement m\u00e9moire, mais pr\u00e9sence vivante,<br>Non seulement figure, mais m\u00e8re agissante,<br>Tu accompagnes encore le peuple en chemin,<br>Comme l\u2019Arche guidait Isra\u00ebl ancien.<\/p>\n\n\n\n<p class=\"has-palette-color-4-color has-text-color has-link-color wp-elements-041e403935e007072400c74494c5523c\">Tu es la demeure o\u00f9 Dieu aime habiter,<br>Le c\u0153ur ouvert o\u00f9 chacun peut entrer,<br>Le signe que Dieu ne cesse de venir<br>Habiter l\u2019homme et le faire grandir.<\/p>\n\n\n\n<p class=\"has-palette-color-4-color has-text-color has-link-color wp-elements-010c23c5ea49a8d7bccafcc20dc8ba46\">\u00d4 Femme de l\u2019Alliance nouvelle,<br>En toi, toute promesse devient r\u00e9elle.<br>De l\u2019ombre des figures \u00e0 la clart\u00e9 du jour,<br>Tu conduis l\u2019histoire vers son amour.<\/p>\n\n\n\n<p class=\"has-palette-color-4-color has-text-color has-link-color wp-elements-c8031dd800bcfa53732e9bede55ae999\">Et nous, enfants de cette gr\u00e2ce donn\u00e9e,<br>Nous apprenons de toi \u00e0 nous abandonner :<br>\u00c0 dire \u00ab oui \u00bb quand tout semble obscur,<br>\u00c0 croire en Dieu au-del\u00e0 du futur.<\/p>\n\n\n\n<p class=\"has-palette-color-4-color has-text-color has-link-color wp-elements-103f410a839954695224839d2fa70534\">Car en toi se r\u00e9v\u00e8le, douce et forte lumi\u00e8re,<br>Ce que Dieu veut faire de toute chair :<br>Faire de l\u2019homme une demeure vivante,<br>Une arche nouvelle, aimante et br\u00fblante.<\/p>\n\n\n\n<p><\/p>\n","protected":false},"excerpt":{"rendered":"<p>Dans le silence ancien des promesses murmur\u00e9es,Quand la terre attendait sans savoir esp\u00e9rer,Des voix de femmes, faibles aux yeux du monde,Portaient d\u00e9j\u00e0 l\u2019\u00e9cho d\u2019une gr\u00e2ce profonde. \u00c8ve d\u2019abord, au jardin de lumi\u00e8re,M\u00e8re des vivants, bless\u00e9e dans sa pri\u00e8re,En son sein m\u00ealait l\u2019ombre et la promesse :La chute et d\u00e9j\u00e0 l\u2019annonce d\u2019une tendresse.Car dans la nuit [&hellip;]<\/p>\n","protected":false},"author":6,"featured_media":1361,"comment_status":"open","ping_status":"open","sticky":false,"template":"elementor_theme","format":"standard","meta":{"_jetpack_memberships_contains_paid_content":false,"footnotes":""},"categories":[30],"tags":[],"class_list":["post-1359","post","type-post","status-publish","format-standard","has-post-thumbnail","hentry","category-poesie"],"blocksy_meta":[],"yoast_head":"<!-- This site is optimized with the Yoast SEO plugin v26.0 - https:\/\/yoast.com\/wordpress\/plugins\/seo\/ -->\n<title>Marie, fleur de l\u2019alliance accomplie - Academia Mentoris<\/title>\n<meta name=\"robots\" content=\"index, follow, max-snippet:-1, max-image-preview:large, max-video-preview:-1\" \/>\n<link rel=\"canonical\" href=\"https:\/\/www.academia-mentoris.com\/?p=1359\" \/>\n<meta property=\"og:locale\" content=\"fr_FR\" \/>\n<meta property=\"og:type\" content=\"article\" \/>\n<meta property=\"og:title\" content=\"Marie, fleur de l\u2019alliance accomplie - Academia Mentoris\" \/>\n<meta property=\"og:description\" content=\"Dans le silence ancien des promesses murmur\u00e9es,Quand la terre attendait sans savoir esp\u00e9rer,Des voix de femmes, faibles aux yeux du monde,Portaient d\u00e9j\u00e0 l\u2019\u00e9cho d\u2019une gr\u00e2ce profonde. \u00c8ve d\u2019abord, au jardin de lumi\u00e8re,M\u00e8re des vivants, bless\u00e9e dans sa pri\u00e8re,En son sein m\u00ealait l\u2019ombre et la promesse :La chute et d\u00e9j\u00e0 l\u2019annonce d\u2019une tendresse.Car dans la nuit [&hellip;]\" \/>\n<meta property=\"og:url\" content=\"https:\/\/www.academia-mentoris.com\/?p=1359\" \/>\n<meta property=\"og:site_name\" content=\"Academia Mentoris\" \/>\n<meta property=\"article:published_time\" content=\"2026-05-01T19:36:04+00:00\" \/>\n<meta property=\"article:modified_time\" content=\"2026-05-01T19:36:12+00:00\" \/>\n<meta property=\"og:image\" content=\"https:\/\/www.academia-mentoris.com\/wp-content\/uploads\/2026\/05\/WhatsAp-Image-2026-05-01-at-17.34.44.jpeg\" \/>\n\t<meta property=\"og:image:width\" content=\"380\" \/>\n\t<meta property=\"og:image:height\" content=\"546\" \/>\n\t<meta property=\"og:image:type\" content=\"image\/jpeg\" \/>\n<meta name=\"author\" content=\"Maronga Justin Mo\u00efse, Contributeur Academia Mentoris\" \/>\n<meta name=\"twitter:card\" content=\"summary_large_image\" \/>\n<meta name=\"twitter:label1\" content=\"\u00c9crit par\" \/>\n\t<meta name=\"twitter:data1\" content=\"Maronga Justin Mo\u00efse, Contributeur Academia Mentoris\" \/>\n\t<meta name=\"twitter:label2\" content=\"Dur\u00e9e de lecture estim\u00e9e\" \/>\n\t<meta name=\"twitter:data2\" content=\"5 minutes\" \/>\n<script type=\"application\/ld+json\" class=\"yoast-schema-graph\">{\"@context\":\"https:\/\/schema.org\",\"@graph\":[{\"@type\":\"Article\",\"@id\":\"https:\/\/www.academia-mentoris.com\/?p=1359#article\",\"isPartOf\":{\"@id\":\"https:\/\/www.academia-mentoris.com\/?p=1359\"},\"author\":{\"name\":\"Maronga Justin Mo\u00efse, Contributeur Academia Mentoris\",\"@id\":\"https:\/\/www.academia-mentoris.com\/#\/schema\/person\/83b3e20c30b03bf64bcf878ea63219b0\"},\"headline\":\"Marie, fleur de l\u2019alliance accomplie\",\"datePublished\":\"2026-05-01T19:36:04+00:00\",\"dateModified\":\"2026-05-01T19:36:12+00:00\",\"mainEntityOfPage\":{\"@id\":\"https:\/\/www.academia-mentoris.com\/?p=1359\"},\"wordCount\":917,\"commentCount\":0,\"publisher\":{\"@id\":\"https:\/\/www.academia-mentoris.com\/#organization\"},\"image\":{\"@id\":\"https:\/\/www.academia-mentoris.com\/?p=1359#primaryimage\"},\"thumbnailUrl\":\"https:\/\/www.academia-mentoris.com\/wp-content\/uploads\/2026\/05\/WhatsAp-Image-2026-05-01-at-17.34.44.jpeg\",\"articleSection\":[\"Po\u00e9sie\"],\"inLanguage\":\"fr-FR\",\"potentialAction\":[{\"@type\":\"CommentAction\",\"name\":\"Comment\",\"target\":[\"https:\/\/www.academia-mentoris.com\/?p=1359#respond\"]}]},{\"@type\":\"WebPage\",\"@id\":\"https:\/\/www.academia-mentoris.com\/?p=1359\",\"url\":\"https:\/\/www.academia-mentoris.com\/?p=1359\",\"name\":\"Marie, fleur de l\u2019alliance accomplie - Academia Mentoris\",\"isPartOf\":{\"@id\":\"https:\/\/www.academia-mentoris.com\/#website\"},\"primaryImageOfPage\":{\"@id\":\"https:\/\/www.academia-mentoris.com\/?p=1359#primaryimage\"},\"image\":{\"@id\":\"https:\/\/www.academia-mentoris.com\/?p=1359#primaryimage\"},\"thumbnailUrl\":\"https:\/\/www.academia-mentoris.com\/wp-content\/uploads\/2026\/05\/WhatsAp-Image-2026-05-01-at-17.34.44.jpeg\",\"datePublished\":\"2026-05-01T19:36:04+00:00\",\"dateModified\":\"2026-05-01T19:36:12+00:00\",\"breadcrumb\":{\"@id\":\"https:\/\/www.academia-mentoris.com\/?p=1359#breadcrumb\"},\"inLanguage\":\"fr-FR\",\"potentialAction\":[{\"@type\":\"ReadAction\",\"target\":[\"https:\/\/www.academia-mentoris.com\/?p=1359\"]}]},{\"@type\":\"ImageObject\",\"inLanguage\":\"fr-FR\",\"@id\":\"https:\/\/www.academia-mentoris.com\/?p=1359#primaryimage\",\"url\":\"https:\/\/www.academia-mentoris.com\/wp-content\/uploads\/2026\/05\/WhatsAp-Image-2026-05-01-at-17.34.44.jpeg\",\"contentUrl\":\"https:\/\/www.academia-mentoris.com\/wp-content\/uploads\/2026\/05\/WhatsAp-Image-2026-05-01-at-17.34.44.jpeg\",\"width\":380,\"height\":546},{\"@type\":\"BreadcrumbList\",\"@id\":\"https:\/\/www.academia-mentoris.com\/?p=1359#breadcrumb\",\"itemListElement\":[{\"@type\":\"ListItem\",\"position\":1,\"name\":\"Home\",\"item\":\"https:\/\/www.academia-mentoris.com\/\"},{\"@type\":\"ListItem\",\"position\":2,\"name\":\"Marie, fleur de l\u2019alliance accomplie\"}]},{\"@type\":\"WebSite\",\"@id\":\"https:\/\/www.academia-mentoris.com\/#website\",\"url\":\"https:\/\/www.academia-mentoris.com\/\",\"name\":\"Academia Mentoris\",\"description\":\"Le laboratoire du verbe\",\"publisher\":{\"@id\":\"https:\/\/www.academia-mentoris.com\/#organization\"},\"potentialAction\":[{\"@type\":\"SearchAction\",\"target\":{\"@type\":\"EntryPoint\",\"urlTemplate\":\"https:\/\/www.academia-mentoris.com\/?s={search_term_string}\"},\"query-input\":{\"@type\":\"PropertyValueSpecification\",\"valueRequired\":true,\"valueName\":\"search_term_string\"}}],\"inLanguage\":\"fr-FR\"},{\"@type\":\"Organization\",\"@id\":\"https:\/\/www.academia-mentoris.com\/#organization\",\"name\":\"Academia Mentoris\",\"url\":\"https:\/\/www.academia-mentoris.com\/\",\"logo\":{\"@type\":\"ImageObject\",\"inLanguage\":\"fr-FR\",\"@id\":\"https:\/\/www.academia-mentoris.com\/#\/schema\/logo\/image\/\",\"url\":\"https:\/\/www.academia-mentoris.com\/wp-content\/uploads\/2025\/09\/logo-acabien.jpg\",\"contentUrl\":\"https:\/\/www.academia-mentoris.com\/wp-content\/uploads\/2025\/09\/logo-acabien.jpg\",\"width\":1013,\"height\":298,\"caption\":\"Academia Mentoris\"},\"image\":{\"@id\":\"https:\/\/www.academia-mentoris.com\/#\/schema\/logo\/image\/\"}},{\"@type\":\"Person\",\"@id\":\"https:\/\/www.academia-mentoris.com\/#\/schema\/person\/83b3e20c30b03bf64bcf878ea63219b0\",\"name\":\"Maronga Justin Mo\u00efse, Contributeur Academia Mentoris\",\"image\":{\"@type\":\"ImageObject\",\"inLanguage\":\"fr-FR\",\"@id\":\"https:\/\/www.academia-mentoris.com\/#\/schema\/person\/image\/\",\"url\":\"https:\/\/www.academia-mentoris.com\/wp-content\/uploads\/2025\/10\/maronga-96x96.jpg\",\"contentUrl\":\"https:\/\/www.academia-mentoris.com\/wp-content\/uploads\/2025\/10\/maronga-96x96.jpg\",\"caption\":\"Maronga Justin Mo\u00efse, Contributeur Academia Mentoris\"},\"url\":\"https:\/\/www.academia-mentoris.com\/?author=6\"}]}<\/script>\n<!-- \/ Yoast SEO plugin. -->","yoast_head_json":{"title":"Marie, fleur de l\u2019alliance accomplie - Academia Mentoris","robots":{"index":"index","follow":"follow","max-snippet":"max-snippet:-1","max-image-preview":"max-image-preview:large","max-video-preview":"max-video-preview:-1"},"canonical":"https:\/\/www.academia-mentoris.com\/?p=1359","og_locale":"fr_FR","og_type":"article","og_title":"Marie, fleur de l\u2019alliance accomplie - Academia Mentoris","og_description":"Dans le silence ancien des promesses murmur\u00e9es,Quand la terre attendait sans savoir esp\u00e9rer,Des voix de femmes, faibles aux yeux du monde,Portaient d\u00e9j\u00e0 l\u2019\u00e9cho d\u2019une gr\u00e2ce profonde. \u00c8ve d\u2019abord, au jardin de lumi\u00e8re,M\u00e8re des vivants, bless\u00e9e dans sa pri\u00e8re,En son sein m\u00ealait l\u2019ombre et la promesse :La chute et d\u00e9j\u00e0 l\u2019annonce d\u2019une tendresse.Car dans la nuit [&hellip;]","og_url":"https:\/\/www.academia-mentoris.com\/?p=1359","og_site_name":"Academia Mentoris","article_published_time":"2026-05-01T19:36:04+00:00","article_modified_time":"2026-05-01T19:36:12+00:00","og_image":[{"width":380,"height":546,"url":"https:\/\/www.academia-mentoris.com\/wp-content\/uploads\/2026\/05\/WhatsAp-Image-2026-05-01-at-17.34.44.jpeg","type":"image\/jpeg"}],"author":"Maronga Justin Mo\u00efse, Contributeur Academia Mentoris","twitter_card":"summary_large_image","twitter_misc":{"\u00c9crit par":"Maronga Justin Mo\u00efse, Contributeur Academia Mentoris","Dur\u00e9e de lecture estim\u00e9e":"5 minutes"},"schema":{"@context":"https:\/\/schema.org","@graph":[{"@type":"Article","@id":"https:\/\/www.academia-mentoris.com\/?p=1359#article","isPartOf":{"@id":"https:\/\/www.academia-mentoris.com\/?p=1359"},"author":{"name":"Maronga Justin Mo\u00efse, Contributeur Academia Mentoris","@id":"https:\/\/www.academia-mentoris.com\/#\/schema\/person\/83b3e20c30b03bf64bcf878ea63219b0"},"headline":"Marie, fleur de l\u2019alliance accomplie","datePublished":"2026-05-01T19:36:04+00:00","dateModified":"2026-05-01T19:36:12+00:00","mainEntityOfPage":{"@id":"https:\/\/www.academia-mentoris.com\/?p=1359"},"wordCount":917,"commentCount":0,"publisher":{"@id":"https:\/\/www.academia-mentoris.com\/#organization"},"image":{"@id":"https:\/\/www.academia-mentoris.com\/?p=1359#primaryimage"},"thumbnailUrl":"https:\/\/www.academia-mentoris.com\/wp-content\/uploads\/2026\/05\/WhatsAp-Image-2026-05-01-at-17.34.44.jpeg","articleSection":["Po\u00e9sie"],"inLanguage":"fr-FR","potentialAction":[{"@type":"CommentAction","name":"Comment","target":["https:\/\/www.academia-mentoris.com\/?p=1359#respond"]}]},{"@type":"WebPage","@id":"https:\/\/www.academia-mentoris.com\/?p=1359","url":"https:\/\/www.academia-mentoris.com\/?p=1359","name":"Marie, fleur de l\u2019alliance accomplie - Academia Mentoris","isPartOf":{"@id":"https:\/\/www.academia-mentoris.com\/#website"},"primaryImageOfPage":{"@id":"https:\/\/www.academia-mentoris.com\/?p=1359#primaryimage"},"image":{"@id":"https:\/\/www.academia-mentoris.com\/?p=1359#primaryimage"},"thumbnailUrl":"https:\/\/www.academia-mentoris.com\/wp-content\/uploads\/2026\/05\/WhatsAp-Image-2026-05-01-at-17.34.44.jpeg","datePublished":"2026-05-01T19:36:04+00:00","dateModified":"2026-05-01T19:36:12+00:00","breadcrumb":{"@id":"https:\/\/www.academia-mentoris.com\/?p=1359#breadcrumb"},"inLanguage":"fr-FR","potentialAction":[{"@type":"ReadAction","target":["https:\/\/www.academia-mentoris.com\/?p=1359"]}]},{"@type":"ImageObject","inLanguage":"fr-FR","@id":"https:\/\/www.academia-mentoris.com\/?p=1359#primaryimage","url":"https:\/\/www.academia-mentoris.com\/wp-content\/uploads\/2026\/05\/WhatsAp-Image-2026-05-01-at-17.34.44.jpeg","contentUrl":"https:\/\/www.academia-mentoris.com\/wp-content\/uploads\/2026\/05\/WhatsAp-Image-2026-05-01-at-17.34.44.jpeg","width":380,"height":546},{"@type":"BreadcrumbList","@id":"https:\/\/www.academia-mentoris.com\/?p=1359#breadcrumb","itemListElement":[{"@type":"ListItem","position":1,"name":"Home","item":"https:\/\/www.academia-mentoris.com\/"},{"@type":"ListItem","position":2,"name":"Marie, fleur de l\u2019alliance accomplie"}]},{"@type":"WebSite","@id":"https:\/\/www.academia-mentoris.com\/#website","url":"https:\/\/www.academia-mentoris.com\/","name":"Academia Mentoris","description":"Le laboratoire du verbe","publisher":{"@id":"https:\/\/www.academia-mentoris.com\/#organization"},"potentialAction":[{"@type":"SearchAction","target":{"@type":"EntryPoint","urlTemplate":"https:\/\/www.academia-mentoris.com\/?s={search_term_string}"},"query-input":{"@type":"PropertyValueSpecification","valueRequired":true,"valueName":"search_term_string"}}],"inLanguage":"fr-FR"},{"@type":"Organization","@id":"https:\/\/www.academia-mentoris.com\/#organization","name":"Academia Mentoris","url":"https:\/\/www.academia-mentoris.com\/","logo":{"@type":"ImageObject","inLanguage":"fr-FR","@id":"https:\/\/www.academia-mentoris.com\/#\/schema\/logo\/image\/","url":"https:\/\/www.academia-mentoris.com\/wp-content\/uploads\/2025\/09\/logo-acabien.jpg","contentUrl":"https:\/\/www.academia-mentoris.com\/wp-content\/uploads\/2025\/09\/logo-acabien.jpg","width":1013,"height":298,"caption":"Academia Mentoris"},"image":{"@id":"https:\/\/www.academia-mentoris.com\/#\/schema\/logo\/image\/"}},{"@type":"Person","@id":"https:\/\/www.academia-mentoris.com\/#\/schema\/person\/83b3e20c30b03bf64bcf878ea63219b0","name":"Maronga Justin Mo\u00efse, Contributeur Academia Mentoris","image":{"@type":"ImageObject","inLanguage":"fr-FR","@id":"https:\/\/www.academia-mentoris.com\/#\/schema\/person\/image\/","url":"https:\/\/www.academia-mentoris.com\/wp-content\/uploads\/2025\/10\/maronga-96x96.jpg","contentUrl":"https:\/\/www.academia-mentoris.com\/wp-content\/uploads\/2025\/10\/maronga-96x96.jpg","caption":"Maronga Justin Mo\u00efse, Contributeur Academia Mentoris"},"url":"https:\/\/www.academia-mentoris.com\/?author=6"}]}},"jetpack_featured_media_url":"https:\/\/www.academia-mentoris.com\/wp-content\/uploads\/2026\/05\/WhatsAp-Image-2026-05-01-at-17.34.44.jpeg","jetpack_sharing_enabled":true,"_links":{"self":[{"href":"https:\/\/www.academia-mentoris.com\/index.php?rest_route=\/wp\/v2\/posts\/1359","targetHints":{"allow":["GET"]}}],"collection":[{"href":"https:\/\/www.academia-mentoris.com\/index.php?rest_route=\/wp\/v2\/posts"}],"about":[{"href":"https:\/\/www.academia-mentoris.com\/index.php?rest_route=\/wp\/v2\/types\/post"}],"author":[{"embeddable":true,"href":"https:\/\/www.academia-mentoris.com\/index.php?rest_route=\/wp\/v2\/users\/6"}],"replies":[{"embeddable":true,"href":"https:\/\/www.academia-mentoris.com\/index.php?rest_route=%2Fwp%2Fv2%2Fcomments&post=1359"}],"version-history":[{"count":1,"href":"https:\/\/www.academia-mentoris.com\/index.php?rest_route=\/wp\/v2\/posts\/1359\/revisions"}],"predecessor-version":[{"id":1362,"href":"https:\/\/www.academia-mentoris.com\/index.php?rest_route=\/wp\/v2\/posts\/1359\/revisions\/1362"}],"wp:featuredmedia":[{"embeddable":true,"href":"https:\/\/www.academia-mentoris.com\/index.php?rest_route=\/wp\/v2\/media\/1361"}],"wp:attachment":[{"href":"https:\/\/www.academia-mentoris.com\/index.php?rest_route=%2Fwp%2Fv2%2Fmedia&parent=1359"}],"wp:term":[{"taxonomy":"category","embeddable":true,"href":"https:\/\/www.academia-mentoris.com\/index.php?rest_route=%2Fwp%2Fv2%2Fcategories&post=1359"},{"taxonomy":"post_tag","embeddable":true,"href":"https:\/\/www.academia-mentoris.com\/index.php?rest_route=%2Fwp%2Fv2%2Ftags&post=1359"}],"curies":[{"name":"wp","href":"https:\/\/api.w.org\/{rel}","templated":true}]}}