{"id":1350,"date":"2026-05-01T21:29:33","date_gmt":"2026-05-01T19:29:33","guid":{"rendered":"https:\/\/www.academia-mentoris.com\/?p=1350"},"modified":"2026-05-01T21:29:40","modified_gmt":"2026-05-01T19:29:40","slug":"ouverture-du-jubile-de-75-ans-du-cercle-saint-paul","status":"publish","type":"post","link":"https:\/\/www.academia-mentoris.com\/?p=1350","title":{"rendered":"Ouverture du jubil\u00e9 de 75 ans du cercle Saint Paul"},"content":{"rendered":"\n<p class=\"has-black-color has-text-color has-link-color wp-elements-a048244edf35a7dd4ac920a4a5ef8769\"><strong>Ce dimanche 26 avril 2026, une joie immense r\u00e9gnait au Grand S\u00e9minaire saint Jean-Paul II de Gitega o\u00f9 on c\u00e9l\u00e9brait le Dimanche du Bon Pasteur ainsi que la Journ\u00e9e mondiale de pri\u00e8re pour les vocations. Cette date co\u00efncidait \u00e9galement avec un jour exceptionnel : l\u2019ouverture du jubil\u00e9 des 75 ans du Cercle Saint Paul. R\u00e9cit.<\/strong><\/p>\n\n\n\n<figure class=\"wp-block-image size-large is-resized\"><img fetchpriority=\"high\" width=\"1024\" height=\"682\"  alt=\"\" class=\"wp-image-1354 lws-optimize-lazyload\" style=\"width:641px;height:auto\"\/ data-src=\"https:\/\/www.academia-mentoris.com\/wp-content\/uploads\/2026\/05\/Whap-Image-2026-05-01-at-17.34.46-1024x682.jpeg\" srcset=\"https:\/\/www.academia-mentoris.com\/wp-content\/uploads\/2026\/05\/Whap-Image-2026-05-01-at-17.34.46-1024x682.jpeg 1024w, https:\/\/www.academia-mentoris.com\/wp-content\/uploads\/2026\/05\/Whap-Image-2026-05-01-at-17.34.46-300x200.jpeg 300w, https:\/\/www.academia-mentoris.com\/wp-content\/uploads\/2026\/05\/Whap-Image-2026-05-01-at-17.34.46-768x511.jpeg 768w, https:\/\/www.academia-mentoris.com\/wp-content\/uploads\/2026\/05\/Whap-Image-2026-05-01-at-17.34.46.jpeg 1080w\" sizes=\"(max-width: 1024px) 100vw, 1024px\" \/><\/figure>\n\n\n\n<p class=\"has-palette-color-4-color has-text-color has-link-color wp-elements-ea3bcae1556e886201ab9fd1ba4187a0\">Les c\u00e9r\u00e9monies ont d\u00e9but\u00e9 par une c\u00e9l\u00e9bration eucharistique pr\u00e9sid\u00e9e par son Excellence Monseigneur Bonaventure NAHIMANA, l\u2019Archev\u00eaque de l\u2019Archidioc\u00e8se de Gitega, entour\u00e9 de nombreux pr\u00eatres, parmi lesquels les aum\u00f4niers du Cercle Saint Paul issus des quatre Grands S\u00e9minaires : Burasira, Bujumbura, Gitega et Kiryama. M\u00eame les responsables des S\u00e9minaristes desdits S\u00e9minaires y avaient r\u00e9pondu pr\u00e9sents.<\/p>\n\n\n\n<p class=\"has-palette-color-4-color has-text-color has-link-color wp-elements-b2647e24f762386360901b2e64bb3370\">Dans son hom\u00e9lie, l\u2019Archev\u00eaque a partag\u00e9 avec l\u2019assembl\u00e9e un enseignement de sa Saintet\u00e9 le pape L\u00e9on XIV, centr\u00e9 sur ce th\u00e8me : \u00ab Reconna\u00eetre dans son c\u0153ur le don de Dieu \u00bb. Cet enseignement a insist\u00e9 le chemin de la beaut\u00e9, sur l\u2019abandon \u00e0 Dieu, la confiance en Dieu et l\u2019accomplissement de la vocation.<\/p>\n\n\n\n<figure class=\"wp-block-image size-large is-resized\"><img width=\"1024\" height=\"682\"  alt=\"\" class=\"wp-image-1355 lws-optimize-lazyload\" style=\"width:677px;height:auto\"\/ data-src=\"https:\/\/www.academia-mentoris.com\/wp-content\/uploads\/2026\/05\/WhatsApp-Image-20205-01-at-17.34.46-1024x682.jpeg\" srcset=\"https:\/\/www.academia-mentoris.com\/wp-content\/uploads\/2026\/05\/WhatsApp-Image-20205-01-at-17.34.46-1024x682.jpeg 1024w, https:\/\/www.academia-mentoris.com\/wp-content\/uploads\/2026\/05\/WhatsApp-Image-20205-01-at-17.34.46-300x200.jpeg 300w, https:\/\/www.academia-mentoris.com\/wp-content\/uploads\/2026\/05\/WhatsApp-Image-20205-01-at-17.34.46-768x511.jpeg 768w, https:\/\/www.academia-mentoris.com\/wp-content\/uploads\/2026\/05\/WhatsApp-Image-20205-01-at-17.34.46.jpeg 1080w\" sizes=\"(max-width: 1024px) 100vw, 1024px\" \/><\/figure>\n\n\n\n<p class=\"has-palette-color-4-color has-text-color has-link-color wp-elements-c91bf74c0268a27013f660517ac7853e\">Apr\u00e8s la messe, les festivit\u00e9s se sont poursuivies dans la salle des conf\u00e9rences du Grand S\u00e9minaire Saint Jean-Paul II de Gitega. Elles ont d\u00e9but\u00e9 par un chant de louange du Cercle Saint Paul, suivi de diverses interventions. La parole a d\u2019abord \u00e9t\u00e9 donn\u00e9e au Recteur du Grand S\u00e9minaire, qui s\u2019est r\u00e9joui de la c\u00e9l\u00e9bration de ce grand \u00e9v\u00e9nement au S\u00e9minaire saint Jean Paul II de Gitega.<\/p>\n\n\n\n<figure class=\"wp-block-image size-large is-resized\"><img width=\"1024\" height=\"682\"  alt=\"\" class=\"wp-image-1356 lws-optimize-lazyload\" style=\"width:680px;height:auto\"\/ data-src=\"https:\/\/www.academia-mentoris.com\/wp-content\/uploads\/2026\/05\/WhatsApp-Image-20-01-at-17.34.45-1024x682.jpeg\" srcset=\"https:\/\/www.academia-mentoris.com\/wp-content\/uploads\/2026\/05\/WhatsApp-Image-20-01-at-17.34.45-1024x682.jpeg 1024w, https:\/\/www.academia-mentoris.com\/wp-content\/uploads\/2026\/05\/WhatsApp-Image-20-01-at-17.34.45-300x200.jpeg 300w, https:\/\/www.academia-mentoris.com\/wp-content\/uploads\/2026\/05\/WhatsApp-Image-20-01-at-17.34.45-768x511.jpeg 768w, https:\/\/www.academia-mentoris.com\/wp-content\/uploads\/2026\/05\/WhatsApp-Image-20-01-at-17.34.45.jpeg 1080w\" sizes=\"(max-width: 1024px) 100vw, 1024px\" \/><\/figure>\n\n\n\n<p class=\"has-palette-color-4-color has-text-color has-link-color wp-elements-4d1997d23cfe96d539546a355e63f1ae\">Ensuite, le repr\u00e9sentant du Cercle Saint Paul dans les quatre Grands S\u00e9minaires a pris la parole, exprimant sa grande joie \u00e0 l\u2019occasion de l\u2019ouverture de ce grand jubil\u00e9 des 75 ans du Cercle Saint Paul. Il a pr\u00e9sent\u00e9 \u00e0 cet effet la ligne directrice de cette ann\u00e9e jubilaire : \u00ab \u00c0 l\u2019exemple de saint Paul, malheur \u00e0 moi si je n\u2019annonce pas l\u2019\u00c9vangile \u00bb (1Co 9,16). Il a \u00e9galement expos\u00e9 les projets et les objectifs du Cercle Saint Paul, sans oublier les d\u00e9fis \u00e0 relever. Enfin, est intervenue l\u2019allocution marquante de son Excellence Monseigneur l\u2019Archev\u00eaque, qui a soulign\u00e9 que le Cercle Saint Paul est un lieu de recherche culturelle et d\u2019inculturation du message \u00e9vang\u00e9lique dans notre pays. Il a salu\u00e9 les initiatives des membres du Cercle Saint Paul et, apr\u00e8s leur avoir fait un clin d\u2019\u0153il pour l\u2019apostolat qui ne tourne plus rond comme auparavant, il les a encourag\u00e9s \u00e0 travailler avec z\u00e8le et d\u00e9termination \u00e0 l\u2019exemple de saint Paul, afin que la Bonne Nouvelle continue de se r\u00e9pandre.<\/p>\n\n\n\n<p class=\"has-palette-color-4-color has-text-color has-link-color wp-elements-68ae5020efaf4f97a8c8a2bf1d6699e4\">Vous saurez ce grand rendez-vous s\u2019est cl\u00f4tur\u00e9 par le moment des agapes fraternelles.<\/p>\n\n\n\n<p><\/p>\n","protected":false},"excerpt":{"rendered":"<p>Ce dimanche 26 avril 2026, une joie immense r\u00e9gnait au Grand S\u00e9minaire saint Jean-Paul II de Gitega o\u00f9 on c\u00e9l\u00e9brait le Dimanche du Bon Pasteur ainsi que la Journ\u00e9e mondiale de pri\u00e8re pour les vocations. Cette date co\u00efncidait \u00e9galement avec un jour exceptionnel : l\u2019ouverture du jubil\u00e9 des 75 ans du Cercle Saint Paul. R\u00e9cit. [&hellip;]<\/p>\n","protected":false},"author":5,"featured_media":0,"comment_status":"open","ping_status":"open","sticky":false,"template":"elementor_theme","format":"standard","meta":{"_jetpack_memberships_contains_paid_content":false,"footnotes":""},"categories":[33],"tags":[],"class_list":["post-1350","post","type-post","status-publish","format-standard","hentry","category-evenements"],"blocksy_meta":[],"yoast_head":"<!-- This site is optimized with the Yoast SEO plugin v26.0 - https:\/\/yoast.com\/wordpress\/plugins\/seo\/ -->\n<title>Ouverture du jubil\u00e9 de 75 ans du cercle Saint Paul - Academia Mentoris<\/title>\n<meta name=\"robots\" content=\"index, follow, max-snippet:-1, max-image-preview:large, max-video-preview:-1\" \/>\n<link rel=\"canonical\" href=\"https:\/\/www.academia-mentoris.com\/?p=1350\" \/>\n<meta property=\"og:locale\" content=\"fr_FR\" \/>\n<meta property=\"og:type\" content=\"article\" \/>\n<meta property=\"og:title\" content=\"Ouverture du jubil\u00e9 de 75 ans du cercle Saint Paul - Academia Mentoris\" \/>\n<meta property=\"og:description\" content=\"Ce dimanche 26 avril 2026, une joie immense r\u00e9gnait au Grand S\u00e9minaire saint Jean-Paul II de Gitega o\u00f9 on c\u00e9l\u00e9brait le Dimanche du Bon Pasteur ainsi que la Journ\u00e9e mondiale de pri\u00e8re pour les vocations. Cette date co\u00efncidait \u00e9galement avec un jour exceptionnel : l\u2019ouverture du jubil\u00e9 des 75 ans du Cercle Saint Paul. R\u00e9cit. [&hellip;]\" \/>\n<meta property=\"og:url\" content=\"https:\/\/www.academia-mentoris.com\/?p=1350\" \/>\n<meta property=\"og:site_name\" content=\"Academia Mentoris\" \/>\n<meta property=\"article:published_time\" content=\"2026-05-01T19:29:33+00:00\" \/>\n<meta property=\"article:modified_time\" content=\"2026-05-01T19:29:40+00:00\" \/>\n<meta property=\"og:image\" content=\"https:\/\/www.academia-mentoris.com\/wp-content\/uploads\/2026\/05\/Whap-Image-2026-05-01-at-17.34.46.jpeg\" \/>\n\t<meta property=\"og:image:width\" content=\"1080\" \/>\n\t<meta property=\"og:image:height\" content=\"719\" \/>\n\t<meta property=\"og:image:type\" content=\"image\/jpeg\" \/>\n<meta name=\"author\" content=\"Corneille Nshimirimana, R\u00e9dacteur Academia Mentoris\" \/>\n<meta name=\"twitter:card\" content=\"summary_large_image\" \/>\n<meta name=\"twitter:label1\" content=\"\u00c9crit par\" \/>\n\t<meta name=\"twitter:data1\" content=\"Corneille Nshimirimana, R\u00e9dacteur Academia Mentoris\" \/>\n\t<meta name=\"twitter:label2\" content=\"Dur\u00e9e de lecture estim\u00e9e\" \/>\n\t<meta name=\"twitter:data2\" content=\"3 minutes\" \/>\n<script type=\"application\/ld+json\" class=\"yoast-schema-graph\">{\"@context\":\"https:\/\/schema.org\",\"@graph\":[{\"@type\":\"Article\",\"@id\":\"https:\/\/www.academia-mentoris.com\/?p=1350#article\",\"isPartOf\":{\"@id\":\"https:\/\/www.academia-mentoris.com\/?p=1350\"},\"author\":{\"name\":\"Corneille Nshimirimana, R\u00e9dacteur Academia Mentoris\",\"@id\":\"https:\/\/www.academia-mentoris.com\/#\/schema\/person\/ccdeb24c8d35b4a854c3e3ce9fc20d63\"},\"headline\":\"Ouverture du jubil\u00e9 de 75 ans du cercle Saint Paul\",\"datePublished\":\"2026-05-01T19:29:33+00:00\",\"dateModified\":\"2026-05-01T19:29:40+00:00\",\"mainEntityOfPage\":{\"@id\":\"https:\/\/www.academia-mentoris.com\/?p=1350\"},\"wordCount\":477,\"commentCount\":0,\"publisher\":{\"@id\":\"https:\/\/www.academia-mentoris.com\/#organization\"},\"image\":{\"@id\":\"https:\/\/www.academia-mentoris.com\/?p=1350#primaryimage\"},\"thumbnailUrl\":\"https:\/\/www.academia-mentoris.com\/wp-content\/uploads\/2026\/05\/Whap-Image-2026-05-01-at-17.34.46-1024x682.jpeg\",\"articleSection\":[\"Ev\u00e9nements\"],\"inLanguage\":\"fr-FR\",\"potentialAction\":[{\"@type\":\"CommentAction\",\"name\":\"Comment\",\"target\":[\"https:\/\/www.academia-mentoris.com\/?p=1350#respond\"]}]},{\"@type\":\"WebPage\",\"@id\":\"https:\/\/www.academia-mentoris.com\/?p=1350\",\"url\":\"https:\/\/www.academia-mentoris.com\/?p=1350\",\"name\":\"Ouverture du jubil\u00e9 de 75 ans du cercle Saint Paul - Academia Mentoris\",\"isPartOf\":{\"@id\":\"https:\/\/www.academia-mentoris.com\/#website\"},\"primaryImageOfPage\":{\"@id\":\"https:\/\/www.academia-mentoris.com\/?p=1350#primaryimage\"},\"image\":{\"@id\":\"https:\/\/www.academia-mentoris.com\/?p=1350#primaryimage\"},\"thumbnailUrl\":\"https:\/\/www.academia-mentoris.com\/wp-content\/uploads\/2026\/05\/Whap-Image-2026-05-01-at-17.34.46-1024x682.jpeg\",\"datePublished\":\"2026-05-01T19:29:33+00:00\",\"dateModified\":\"2026-05-01T19:29:40+00:00\",\"breadcrumb\":{\"@id\":\"https:\/\/www.academia-mentoris.com\/?p=1350#breadcrumb\"},\"inLanguage\":\"fr-FR\",\"potentialAction\":[{\"@type\":\"ReadAction\",\"target\":[\"https:\/\/www.academia-mentoris.com\/?p=1350\"]}]},{\"@type\":\"ImageObject\",\"inLanguage\":\"fr-FR\",\"@id\":\"https:\/\/www.academia-mentoris.com\/?p=1350#primaryimage\",\"url\":\"https:\/\/www.academia-mentoris.com\/wp-content\/uploads\/2026\/05\/Whap-Image-2026-05-01-at-17.34.46.jpeg\",\"contentUrl\":\"https:\/\/www.academia-mentoris.com\/wp-content\/uploads\/2026\/05\/Whap-Image-2026-05-01-at-17.34.46.jpeg\",\"width\":1080,\"height\":719},{\"@type\":\"BreadcrumbList\",\"@id\":\"https:\/\/www.academia-mentoris.com\/?p=1350#breadcrumb\",\"itemListElement\":[{\"@type\":\"ListItem\",\"position\":1,\"name\":\"Home\",\"item\":\"https:\/\/www.academia-mentoris.com\/\"},{\"@type\":\"ListItem\",\"position\":2,\"name\":\"Ouverture du jubil\u00e9 de 75 ans du cercle Saint Paul\"}]},{\"@type\":\"WebSite\",\"@id\":\"https:\/\/www.academia-mentoris.com\/#website\",\"url\":\"https:\/\/www.academia-mentoris.com\/\",\"name\":\"Academia Mentoris\",\"description\":\"Le laboratoire du verbe\",\"publisher\":{\"@id\":\"https:\/\/www.academia-mentoris.com\/#organization\"},\"potentialAction\":[{\"@type\":\"SearchAction\",\"target\":{\"@type\":\"EntryPoint\",\"urlTemplate\":\"https:\/\/www.academia-mentoris.com\/?s={search_term_string}\"},\"query-input\":{\"@type\":\"PropertyValueSpecification\",\"valueRequired\":true,\"valueName\":\"search_term_string\"}}],\"inLanguage\":\"fr-FR\"},{\"@type\":\"Organization\",\"@id\":\"https:\/\/www.academia-mentoris.com\/#organization\",\"name\":\"Academia Mentoris\",\"url\":\"https:\/\/www.academia-mentoris.com\/\",\"logo\":{\"@type\":\"ImageObject\",\"inLanguage\":\"fr-FR\",\"@id\":\"https:\/\/www.academia-mentoris.com\/#\/schema\/logo\/image\/\",\"url\":\"https:\/\/www.academia-mentoris.com\/wp-content\/uploads\/2025\/09\/logo-acabien.jpg\",\"contentUrl\":\"https:\/\/www.academia-mentoris.com\/wp-content\/uploads\/2025\/09\/logo-acabien.jpg\",\"width\":1013,\"height\":298,\"caption\":\"Academia Mentoris\"},\"image\":{\"@id\":\"https:\/\/www.academia-mentoris.com\/#\/schema\/logo\/image\/\"}},{\"@type\":\"Person\",\"@id\":\"https:\/\/www.academia-mentoris.com\/#\/schema\/person\/ccdeb24c8d35b4a854c3e3ce9fc20d63\",\"name\":\"Corneille Nshimirimana, R\u00e9dacteur Academia Mentoris\",\"image\":{\"@type\":\"ImageObject\",\"inLanguage\":\"fr-FR\",\"@id\":\"https:\/\/www.academia-mentoris.com\/#\/schema\/person\/image\/\",\"url\":\"https:\/\/www.academia-mentoris.com\/wp-content\/uploads\/2025\/10\/corneille-96x96.jpg\",\"contentUrl\":\"https:\/\/www.academia-mentoris.com\/wp-content\/uploads\/2025\/10\/corneille-96x96.jpg\",\"caption\":\"Corneille Nshimirimana, R\u00e9dacteur Academia Mentoris\"},\"url\":\"https:\/\/www.academia-mentoris.com\/?author=5\"}]}<\/script>\n<!-- \/ Yoast SEO plugin. -->","yoast_head_json":{"title":"Ouverture du jubil\u00e9 de 75 ans du cercle Saint Paul - Academia Mentoris","robots":{"index":"index","follow":"follow","max-snippet":"max-snippet:-1","max-image-preview":"max-image-preview:large","max-video-preview":"max-video-preview:-1"},"canonical":"https:\/\/www.academia-mentoris.com\/?p=1350","og_locale":"fr_FR","og_type":"article","og_title":"Ouverture du jubil\u00e9 de 75 ans du cercle Saint Paul - Academia Mentoris","og_description":"Ce dimanche 26 avril 2026, une joie immense r\u00e9gnait au Grand S\u00e9minaire saint Jean-Paul II de Gitega o\u00f9 on c\u00e9l\u00e9brait le Dimanche du Bon Pasteur ainsi que la Journ\u00e9e mondiale de pri\u00e8re pour les vocations. Cette date co\u00efncidait \u00e9galement avec un jour exceptionnel : l\u2019ouverture du jubil\u00e9 des 75 ans du Cercle Saint Paul. R\u00e9cit. [&hellip;]","og_url":"https:\/\/www.academia-mentoris.com\/?p=1350","og_site_name":"Academia Mentoris","article_published_time":"2026-05-01T19:29:33+00:00","article_modified_time":"2026-05-01T19:29:40+00:00","og_image":[{"width":1080,"height":719,"url":"https:\/\/www.academia-mentoris.com\/wp-content\/uploads\/2026\/05\/Whap-Image-2026-05-01-at-17.34.46.jpeg","type":"image\/jpeg"}],"author":"Corneille Nshimirimana, R\u00e9dacteur Academia Mentoris","twitter_card":"summary_large_image","twitter_misc":{"\u00c9crit par":"Corneille Nshimirimana, R\u00e9dacteur Academia Mentoris","Dur\u00e9e de lecture estim\u00e9e":"3 minutes"},"schema":{"@context":"https:\/\/schema.org","@graph":[{"@type":"Article","@id":"https:\/\/www.academia-mentoris.com\/?p=1350#article","isPartOf":{"@id":"https:\/\/www.academia-mentoris.com\/?p=1350"},"author":{"name":"Corneille Nshimirimana, R\u00e9dacteur Academia Mentoris","@id":"https:\/\/www.academia-mentoris.com\/#\/schema\/person\/ccdeb24c8d35b4a854c3e3ce9fc20d63"},"headline":"Ouverture du jubil\u00e9 de 75 ans du cercle Saint Paul","datePublished":"2026-05-01T19:29:33+00:00","dateModified":"2026-05-01T19:29:40+00:00","mainEntityOfPage":{"@id":"https:\/\/www.academia-mentoris.com\/?p=1350"},"wordCount":477,"commentCount":0,"publisher":{"@id":"https:\/\/www.academia-mentoris.com\/#organization"},"image":{"@id":"https:\/\/www.academia-mentoris.com\/?p=1350#primaryimage"},"thumbnailUrl":"https:\/\/www.academia-mentoris.com\/wp-content\/uploads\/2026\/05\/Whap-Image-2026-05-01-at-17.34.46-1024x682.jpeg","articleSection":["Ev\u00e9nements"],"inLanguage":"fr-FR","potentialAction":[{"@type":"CommentAction","name":"Comment","target":["https:\/\/www.academia-mentoris.com\/?p=1350#respond"]}]},{"@type":"WebPage","@id":"https:\/\/www.academia-mentoris.com\/?p=1350","url":"https:\/\/www.academia-mentoris.com\/?p=1350","name":"Ouverture du jubil\u00e9 de 75 ans du cercle Saint Paul - Academia Mentoris","isPartOf":{"@id":"https:\/\/www.academia-mentoris.com\/#website"},"primaryImageOfPage":{"@id":"https:\/\/www.academia-mentoris.com\/?p=1350#primaryimage"},"image":{"@id":"https:\/\/www.academia-mentoris.com\/?p=1350#primaryimage"},"thumbnailUrl":"https:\/\/www.academia-mentoris.com\/wp-content\/uploads\/2026\/05\/Whap-Image-2026-05-01-at-17.34.46-1024x682.jpeg","datePublished":"2026-05-01T19:29:33+00:00","dateModified":"2026-05-01T19:29:40+00:00","breadcrumb":{"@id":"https:\/\/www.academia-mentoris.com\/?p=1350#breadcrumb"},"inLanguage":"fr-FR","potentialAction":[{"@type":"ReadAction","target":["https:\/\/www.academia-mentoris.com\/?p=1350"]}]},{"@type":"ImageObject","inLanguage":"fr-FR","@id":"https:\/\/www.academia-mentoris.com\/?p=1350#primaryimage","url":"https:\/\/www.academia-mentoris.com\/wp-content\/uploads\/2026\/05\/Whap-Image-2026-05-01-at-17.34.46.jpeg","contentUrl":"https:\/\/www.academia-mentoris.com\/wp-content\/uploads\/2026\/05\/Whap-Image-2026-05-01-at-17.34.46.jpeg","width":1080,"height":719},{"@type":"BreadcrumbList","@id":"https:\/\/www.academia-mentoris.com\/?p=1350#breadcrumb","itemListElement":[{"@type":"ListItem","position":1,"name":"Home","item":"https:\/\/www.academia-mentoris.com\/"},{"@type":"ListItem","position":2,"name":"Ouverture du jubil\u00e9 de 75 ans du cercle Saint Paul"}]},{"@type":"WebSite","@id":"https:\/\/www.academia-mentoris.com\/#website","url":"https:\/\/www.academia-mentoris.com\/","name":"Academia Mentoris","description":"Le laboratoire du verbe","publisher":{"@id":"https:\/\/www.academia-mentoris.com\/#organization"},"potentialAction":[{"@type":"SearchAction","target":{"@type":"EntryPoint","urlTemplate":"https:\/\/www.academia-mentoris.com\/?s={search_term_string}"},"query-input":{"@type":"PropertyValueSpecification","valueRequired":true,"valueName":"search_term_string"}}],"inLanguage":"fr-FR"},{"@type":"Organization","@id":"https:\/\/www.academia-mentoris.com\/#organization","name":"Academia Mentoris","url":"https:\/\/www.academia-mentoris.com\/","logo":{"@type":"ImageObject","inLanguage":"fr-FR","@id":"https:\/\/www.academia-mentoris.com\/#\/schema\/logo\/image\/","url":"https:\/\/www.academia-mentoris.com\/wp-content\/uploads\/2025\/09\/logo-acabien.jpg","contentUrl":"https:\/\/www.academia-mentoris.com\/wp-content\/uploads\/2025\/09\/logo-acabien.jpg","width":1013,"height":298,"caption":"Academia Mentoris"},"image":{"@id":"https:\/\/www.academia-mentoris.com\/#\/schema\/logo\/image\/"}},{"@type":"Person","@id":"https:\/\/www.academia-mentoris.com\/#\/schema\/person\/ccdeb24c8d35b4a854c3e3ce9fc20d63","name":"Corneille Nshimirimana, R\u00e9dacteur Academia Mentoris","image":{"@type":"ImageObject","inLanguage":"fr-FR","@id":"https:\/\/www.academia-mentoris.com\/#\/schema\/person\/image\/","url":"https:\/\/www.academia-mentoris.com\/wp-content\/uploads\/2025\/10\/corneille-96x96.jpg","contentUrl":"https:\/\/www.academia-mentoris.com\/wp-content\/uploads\/2025\/10\/corneille-96x96.jpg","caption":"Corneille Nshimirimana, R\u00e9dacteur Academia Mentoris"},"url":"https:\/\/www.academia-mentoris.com\/?author=5"}]}},"jetpack_featured_media_url":"","jetpack_sharing_enabled":true,"_links":{"self":[{"href":"https:\/\/www.academia-mentoris.com\/index.php?rest_route=\/wp\/v2\/posts\/1350","targetHints":{"allow":["GET"]}}],"collection":[{"href":"https:\/\/www.academia-mentoris.com\/index.php?rest_route=\/wp\/v2\/posts"}],"about":[{"href":"https:\/\/www.academia-mentoris.com\/index.php?rest_route=\/wp\/v2\/types\/post"}],"author":[{"embeddable":true,"href":"https:\/\/www.academia-mentoris.com\/index.php?rest_route=\/wp\/v2\/users\/5"}],"replies":[{"embeddable":true,"href":"https:\/\/www.academia-mentoris.com\/index.php?rest_route=%2Fwp%2Fv2%2Fcomments&post=1350"}],"version-history":[{"count":1,"href":"https:\/\/www.academia-mentoris.com\/index.php?rest_route=\/wp\/v2\/posts\/1350\/revisions"}],"predecessor-version":[{"id":1357,"href":"https:\/\/www.academia-mentoris.com\/index.php?rest_route=\/wp\/v2\/posts\/1350\/revisions\/1357"}],"wp:attachment":[{"href":"https:\/\/www.academia-mentoris.com\/index.php?rest_route=%2Fwp%2Fv2%2Fmedia&parent=1350"}],"wp:term":[{"taxonomy":"category","embeddable":true,"href":"https:\/\/www.academia-mentoris.com\/index.php?rest_route=%2Fwp%2Fv2%2Fcategories&post=1350"},{"taxonomy":"post_tag","embeddable":true,"href":"https:\/\/www.academia-mentoris.com\/index.php?rest_route=%2Fwp%2Fv2%2Ftags&post=1350"}],"curies":[{"name":"wp","href":"https:\/\/api.w.org\/{rel}","templated":true}]}}